{"id":3920,"date":"2017-12-15T10:18:06","date_gmt":"2017-12-15T09:18:06","guid":{"rendered":"https:\/\/swikly.blog\/?p=1401"},"modified":"2021-06-16T10:14:04","modified_gmt":"2021-06-16T08:14:04","slug":"amivac-le-site-francais-de-location-saisonniere-entre-particuliers","status":"publish","type":"post","link":"https:\/\/www.swikly.com\/en\/vacation-rental\/2017\/12\/amivac-the-french-seasonal-rental-site-among-privates\/","title":{"rendered":"Amivac : The French website of seasonal rental between individuals"},"content":{"rendered":"<p>We live in a decidedly digital world, where nearly <strong>50% of the population is now connected to the Internet<\/strong>. We have seen in a previous article that the seasonal rental market did not escape this digital revolution. Indeed, the arrival of <strong>OTA<\/strong> (Online Travel Agency) has strongly shaken up the habits of accommodation providers. These platforms sell visibility on the internet thanks to advertisements and a good referencing on Google. This arrival is perceived as advantageous but unfortunately has some drawbacks: commissions are high and hosts do not have the freedom to manage the payment as they wish.<\/p>\n\n\n\n<p>We have unearthed a <strong>French site<\/strong> which responds to these problems by leaving the owners completely autonomous in their management. <strong><a href=\"http:\/\/www.amivac.com\">Amivac<\/a> is specialized in seasonal rental between individuals without commission<\/strong>.<\/p>\n\n\n\n<div style=\"height:50px\" aria-hidden=\"true\" class=\"wp-block-spacer\"><\/div>\n\n\n\n<h2 class=\"wp-block-heading\"><strong>A 100% French site<\/strong><\/h2>\n\n\n\n<p>Unlike most large foreign groups, this platform has taken the gamble of concentrating its <strong>panel of rentals in France<\/strong>. Today, Amivac has nearly <strong>30,000 ads<\/strong>with as many accommodations located in the 4 corners of France: Brittany, French Riviera, Atlantic Coast... With a <strong>wide and diversified range of accommodation<\/strong> (villas, houses, apartments, gites, guest rooms, mobile homes, barges, castles, chalets...), Amivac is aimed at all types of accommodation providers.<\/p>\n\n\n\n<p>Everything has been thought out so that holidaymakers find what they are looking for. Indeed, the platform allows them to refine their search according to specific criteria; distance from the sea, ski slopes, sea, lake or river views, swimming pool, disabled access, pets allowed, holiday vouchers allowed....<\/p>\n\n\n\n<div style=\"height:50px\" aria-hidden=\"true\" class=\"wp-block-spacer\"><\/div>\n\n\n\n<h2 class=\"wp-block-heading\"><strong>Customer experience first<\/strong><\/h2>\n\n\n\n<p>Customers looking for the perfect holiday getaway pay only for the best. <strong>no commission<\/strong> through Amivac. They can get in touch with the owner to exchange directly with him. By not going through an intermediary, holidaymakers do not pay any commission and are free to negotiate directly with the owner to obtain a discount on their rent. For their part, Amivac owners have the <strong>possibility of exchanging with their holidaymakers<\/strong> and their <strong>provide valuable advice<\/strong>&nbsp;on the region to be visited. So, comfort, conviviality and tranquillity are the order of the day!<\/p>\n\n\n\n<div style=\"height:50px\" aria-hidden=\"true\" class=\"wp-block-spacer\"><\/div>\n\n\n\n<h2 class=\"wp-block-heading\"><strong>No more extra costs <\/strong><\/h2>\n\n\n\n<p>Unlike many ad sites, <strong>Amivac owners are free to manage the payment as they wish<\/strong>. It is in this sense that Swikly and Amivac are two complementary 100% services.<\/p>\n\n\n\n<p>Amivac hosts have the possibility to request their <a href=\"https:\/\/www.swikly.com\/en\/?utm_source=swikool&amp;utm_medium=articleamivac&amp;utm_campaign=heb&amp;procode=\">online deposits and guarantees with Swikly<\/a> in order to <strong>rent with peace of mind<\/strong>&nbsp;! Swikly allows you to secure all types of rentals without the constraints of checks or transfers in complete confidence. The amount of the deposit is only debited in case of<strong>last minute cancellations<\/strong> or <strong>damage to property\/material<\/strong>.<\/p>\n\n\n\n<p>To learn more about Amivac, visit <a href=\"http:\/\/www.amivac.com\/\">www.amivac.com\/&nbsp;<\/a><\/p>","protected":false},"excerpt":{"rendered":"<p>Amivac now has nearly 30,000 listings, or as many accommodations located in the 4 corners of France: Brittany, French Riviera, Atlantic Coast ...<\/p>","protected":false},"author":990018,"featured_media":4656,"comment_status":"closed","ping_status":"closed","sticky":false,"template":"","format":"standard","meta":{"content-type":"","_mo_disable_npp":"","_monsterinsights_skip_tracking":false,"_monsterinsights_sitenote_active":false,"_monsterinsights_sitenote_note":"","_monsterinsights_sitenote_category":0,"footnotes":""},"categories":[95,278],"tags":[113,249,250,251,252,143,242],"class_list":["post-3920","post","type-post","status-publish","format-standard","has-post-thumbnail","hentry","category-location-saisonniere","category-partenaires","tag-acomptes-et-cautions-en-ligne","tag-annulations-de-dernieres-minutes","tag-degradations-de-bien","tag-location-en-france","tag-location-entre-particuliers","tag-location-saisonniere","tag-ota"],"yoast_head":"<!-- This site is optimized with the Yoast SEO plugin v24.6 - https:\/\/yoast.com\/wordpress\/plugins\/seo\/ -->\n<title>Amivac : Le site Fran\u00e7ais de location saisonni\u00e8re entre particuliers - Swikly<\/title>\n<meta name=\"robots\" content=\"index, follow, max-snippet:-1, max-image-preview:large, max-video-preview:-1\" \/>\n<link rel=\"canonical\" href=\"https:\/\/www.swikly.com\/en\/vacation-rental\/2017\/12\/amivac-the-french-seasonal-rental-site-among-privates\/\" \/>\n<meta property=\"og:locale\" content=\"en_GB\" \/>\n<meta property=\"og:type\" content=\"article\" \/>\n<meta property=\"og:title\" content=\"Amivac : Le site Fran\u00e7ais de location saisonni\u00e8re entre particuliers - Swikly\" \/>\n<meta property=\"og:description\" content=\"Amivac compte aujourd\u2019hui pr\u00e8s de 30 000 annonces, soit autant d\u2019h\u00e9bergements situ\u00e9s dans les 4 coins de la France\u00a0: Bretagne, C\u00f4te d\u2019Azur, C\u00f4te Atlantique...\" \/>\n<meta property=\"og:url\" content=\"https:\/\/www.swikly.com\/en\/vacation-rental\/2017\/12\/amivac-the-french-seasonal-rental-site-among-privates\/\" \/>\n<meta property=\"og:site_name\" content=\"Swikly\" \/>\n<meta property=\"article:publisher\" content=\"https:\/\/www.facebook.com\/swikly\/\" \/>\n<meta property=\"article:published_time\" content=\"2017-12-15T09:18:06+00:00\" \/>\n<meta property=\"article:modified_time\" content=\"2021-06-16T08:14:04+00:00\" \/>\n<meta property=\"og:image\" content=\"https:\/\/swiklywpstorage.blob.core.windows.net\/wp-media\/2017\/12\/pexels-andrea-davis-4617771.jpg\" \/>\n\t<meta property=\"og:image:width\" content=\"2000\" \/>\n\t<meta property=\"og:image:height\" content=\"1333\" \/>\n\t<meta property=\"og:image:type\" content=\"image\/jpeg\" \/>\n<meta name=\"author\" content=\"Charles Jung\" \/>\n<meta name=\"twitter:card\" content=\"summary_large_image\" \/>\n<meta name=\"twitter:creator\" content=\"@swikly_company\" \/>\n<meta name=\"twitter:site\" content=\"@swikly_company\" \/>\n<meta name=\"twitter:label1\" content=\"Written by\" \/>\n\t<meta name=\"twitter:data1\" content=\"Charles Jung\" \/>\n\t<meta name=\"twitter:label2\" content=\"Estimated reading time\" \/>\n\t<meta name=\"twitter:data2\" content=\"3 minutes\" \/>\n<script type=\"application\/ld+json\" class=\"yoast-schema-graph\">{\"@context\":\"https:\/\/schema.org\",\"@graph\":[{\"@type\":\"Article\",\"@id\":\"https:\/\/www.swikly.com\/location-saisonniere\/2017\/12\/amivac-le-site-francais-de-location-saisonniere-entre-particuliers\/#article\",\"isPartOf\":{\"@id\":\"https:\/\/www.swikly.com\/location-saisonniere\/2017\/12\/amivac-le-site-francais-de-location-saisonniere-entre-particuliers\/\"},\"author\":{\"name\":\"Charles Jung\",\"@id\":\"https:\/\/www.swikly.com\/#\/schema\/person\/45bba15f3f1a85e94c2fd5730a6684c5\"},\"headline\":\"Amivac : Le site Fran\u00e7ais de location saisonni\u00e8re entre particuliers\",\"datePublished\":\"2017-12-15T09:18:06+00:00\",\"dateModified\":\"2021-06-16T08:14:04+00:00\",\"mainEntityOfPage\":{\"@id\":\"https:\/\/www.swikly.com\/location-saisonniere\/2017\/12\/amivac-le-site-francais-de-location-saisonniere-entre-particuliers\/\"},\"wordCount\":556,\"publisher\":{\"@id\":\"https:\/\/www.swikly.com\/#organization\"},\"image\":{\"@id\":\"https:\/\/www.swikly.com\/location-saisonniere\/2017\/12\/amivac-le-site-francais-de-location-saisonniere-entre-particuliers\/#primaryimage\"},\"thumbnailUrl\":\"https:\/\/swiklywpstorage.blob.core.windows.net\/wp-media\/2017\/12\/pexels-andrea-davis-4617771.jpg\",\"keywords\":[\"acomptes et cautions en ligne\",\"annulations de derni\u00e8res minutes\",\"d\u00e9gradations de bien\",\"location en France\",\"location entre particuliers\",\"location saisonni\u00e8re\",\"OTA\"],\"articleSection\":[\"Location saisonni\u00e8re\",\"Partenaires\"],\"inLanguage\":\"en-GB\"},{\"@type\":\"WebPage\",\"@id\":\"https:\/\/www.swikly.com\/location-saisonniere\/2017\/12\/amivac-le-site-francais-de-location-saisonniere-entre-particuliers\/\",\"url\":\"https:\/\/www.swikly.com\/location-saisonniere\/2017\/12\/amivac-le-site-francais-de-location-saisonniere-entre-particuliers\/\",\"name\":\"Amivac : Le site Fran\u00e7ais de location saisonni\u00e8re entre particuliers - Swikly\",\"isPartOf\":{\"@id\":\"https:\/\/www.swikly.com\/#website\"},\"primaryImageOfPage\":{\"@id\":\"https:\/\/www.swikly.com\/location-saisonniere\/2017\/12\/amivac-le-site-francais-de-location-saisonniere-entre-particuliers\/#primaryimage\"},\"image\":{\"@id\":\"https:\/\/www.swikly.com\/location-saisonniere\/2017\/12\/amivac-le-site-francais-de-location-saisonniere-entre-particuliers\/#primaryimage\"},\"thumbnailUrl\":\"https:\/\/swiklywpstorage.blob.core.windows.net\/wp-media\/2017\/12\/pexels-andrea-davis-4617771.jpg\",\"datePublished\":\"2017-12-15T09:18:06+00:00\",\"dateModified\":\"2021-06-16T08:14:04+00:00\",\"breadcrumb\":{\"@id\":\"https:\/\/www.swikly.com\/location-saisonniere\/2017\/12\/amivac-le-site-francais-de-location-saisonniere-entre-particuliers\/#breadcrumb\"},\"inLanguage\":\"en-GB\",\"potentialAction\":[{\"@type\":\"ReadAction\",\"target\":[\"https:\/\/www.swikly.com\/location-saisonniere\/2017\/12\/amivac-le-site-francais-de-location-saisonniere-entre-particuliers\/\"]}]},{\"@type\":\"ImageObject\",\"inLanguage\":\"en-GB\",\"@id\":\"https:\/\/www.swikly.com\/location-saisonniere\/2017\/12\/amivac-le-site-francais-de-location-saisonniere-entre-particuliers\/#primaryimage\",\"url\":\"https:\/\/swiklywpstorage.blob.core.windows.net\/wp-media\/2017\/12\/pexels-andrea-davis-4617771.jpg\",\"contentUrl\":\"https:\/\/swiklywpstorage.blob.core.windows.net\/wp-media\/2017\/12\/pexels-andrea-davis-4617771.jpg\",\"width\":2000,\"height\":1333,\"caption\":\"Location saisonni\u00e8re\"},{\"@type\":\"BreadcrumbList\",\"@id\":\"https:\/\/www.swikly.com\/location-saisonniere\/2017\/12\/amivac-le-site-francais-de-location-saisonniere-entre-particuliers\/#breadcrumb\",\"itemListElement\":[{\"@type\":\"ListItem\",\"position\":1,\"name\":\"Accueil\",\"item\":\"https:\/\/www.swikly.com\/\"},{\"@type\":\"ListItem\",\"position\":2,\"name\":\"Amivac : Le site Fran\u00e7ais de location saisonni\u00e8re entre particuliers\"}]},{\"@type\":\"WebSite\",\"@id\":\"https:\/\/www.swikly.com\/#website\",\"url\":\"https:\/\/www.swikly.com\/\",\"name\":\"Swikly\",\"description\":\"La solution pour vos cautions, en ligne !\",\"publisher\":{\"@id\":\"https:\/\/www.swikly.com\/#organization\"},\"potentialAction\":[{\"@type\":\"SearchAction\",\"target\":{\"@type\":\"EntryPoint\",\"urlTemplate\":\"https:\/\/www.swikly.com\/?s={search_term_string}\"},\"query-input\":{\"@type\":\"PropertyValueSpecification\",\"valueRequired\":true,\"valueName\":\"search_term_string\"}}],\"inLanguage\":\"en-GB\"},{\"@type\":\"Organization\",\"@id\":\"https:\/\/www.swikly.com\/#organization\",\"name\":\"Swikly\",\"url\":\"https:\/\/www.swikly.com\/\",\"logo\":{\"@type\":\"ImageObject\",\"inLanguage\":\"en-GB\",\"@id\":\"https:\/\/www.swikly.com\/#\/schema\/logo\/image\/\",\"url\":\"https:\/\/www.swikly.com\/wp-content\/uploads\/2020\/02\/cropped-logo-swikly.png\",\"contentUrl\":\"https:\/\/www.swikly.com\/wp-content\/uploads\/2020\/02\/cropped-logo-swikly.png\",\"width\":1574,\"height\":250,\"caption\":\"Swikly\"},\"image\":{\"@id\":\"https:\/\/www.swikly.com\/#\/schema\/logo\/image\/\"},\"sameAs\":[\"https:\/\/www.facebook.com\/swikly\/\",\"https:\/\/x.com\/swikly_company\",\"https:\/\/www.linkedin.com\/company\/swikly\/\"]},{\"@type\":\"Person\",\"@id\":\"https:\/\/www.swikly.com\/#\/schema\/person\/45bba15f3f1a85e94c2fd5730a6684c5\",\"name\":\"Charles Jung\",\"image\":{\"@type\":\"ImageObject\",\"inLanguage\":\"en-GB\",\"@id\":\"https:\/\/www.swikly.com\/#\/schema\/person\/image\/\",\"url\":\"https:\/\/secure.gravatar.com\/avatar\/4977c31bd12495b60a28c7e404695842?s=96&d=mm&r=g\",\"contentUrl\":\"https:\/\/secure.gravatar.com\/avatar\/4977c31bd12495b60a28c7e404695842?s=96&d=mm&r=g\",\"caption\":\"Charles Jung\"},\"url\":\"https:\/\/www.swikly.com\/en\/author\/charles-jung-ext\/\"}]}<\/script>\n<!-- \/ Yoast SEO plugin. -->","yoast_head_json":{"title":"Amivac : Le site Fran\u00e7ais de location saisonni\u00e8re entre particuliers - Swikly","robots":{"index":"index","follow":"follow","max-snippet":"max-snippet:-1","max-image-preview":"max-image-preview:large","max-video-preview":"max-video-preview:-1"},"canonical":"https:\/\/www.swikly.com\/en\/vacation-rental\/2017\/12\/amivac-the-french-seasonal-rental-site-among-privates\/","og_locale":"en_GB","og_type":"article","og_title":"Amivac : Le site Fran\u00e7ais de location saisonni\u00e8re entre particuliers - Swikly","og_description":"Amivac compte aujourd\u2019hui pr\u00e8s de 30 000 annonces, soit autant d\u2019h\u00e9bergements situ\u00e9s dans les 4 coins de la France\u00a0: Bretagne, C\u00f4te d\u2019Azur, C\u00f4te Atlantique...","og_url":"https:\/\/www.swikly.com\/en\/vacation-rental\/2017\/12\/amivac-the-french-seasonal-rental-site-among-privates\/","og_site_name":"Swikly","article_publisher":"https:\/\/www.facebook.com\/swikly\/","article_published_time":"2017-12-15T09:18:06+00:00","article_modified_time":"2021-06-16T08:14:04+00:00","og_image":[{"width":2000,"height":1333,"url":"https:\/\/swiklywpstorage.blob.core.windows.net\/wp-media\/2017\/12\/pexels-andrea-davis-4617771.jpg","type":"image\/jpeg"}],"author":"Charles Jung","twitter_card":"summary_large_image","twitter_creator":"@swikly_company","twitter_site":"@swikly_company","twitter_misc":{"Written by":"Charles Jung","Estimated reading time":"3 minutes"},"schema":{"@context":"https:\/\/schema.org","@graph":[{"@type":"Article","@id":"https:\/\/www.swikly.com\/location-saisonniere\/2017\/12\/amivac-le-site-francais-de-location-saisonniere-entre-particuliers\/#article","isPartOf":{"@id":"https:\/\/www.swikly.com\/location-saisonniere\/2017\/12\/amivac-le-site-francais-de-location-saisonniere-entre-particuliers\/"},"author":{"name":"Charles Jung","@id":"https:\/\/www.swikly.com\/#\/schema\/person\/45bba15f3f1a85e94c2fd5730a6684c5"},"headline":"Amivac : Le site Fran\u00e7ais de location saisonni\u00e8re entre particuliers","datePublished":"2017-12-15T09:18:06+00:00","dateModified":"2021-06-16T08:14:04+00:00","mainEntityOfPage":{"@id":"https:\/\/www.swikly.com\/location-saisonniere\/2017\/12\/amivac-le-site-francais-de-location-saisonniere-entre-particuliers\/"},"wordCount":556,"publisher":{"@id":"https:\/\/www.swikly.com\/#organization"},"image":{"@id":"https:\/\/www.swikly.com\/location-saisonniere\/2017\/12\/amivac-le-site-francais-de-location-saisonniere-entre-particuliers\/#primaryimage"},"thumbnailUrl":"https:\/\/swiklywpstorage.blob.core.windows.net\/wp-media\/2017\/12\/pexels-andrea-davis-4617771.jpg","keywords":["acomptes et cautions en ligne","annulations de derni\u00e8res minutes","d\u00e9gradations de bien","location en France","location entre particuliers","location saisonni\u00e8re","OTA"],"articleSection":["Location saisonni\u00e8re","Partenaires"],"inLanguage":"en-GB"},{"@type":"WebPage","@id":"https:\/\/www.swikly.com\/location-saisonniere\/2017\/12\/amivac-le-site-francais-de-location-saisonniere-entre-particuliers\/","url":"https:\/\/www.swikly.com\/location-saisonniere\/2017\/12\/amivac-le-site-francais-de-location-saisonniere-entre-particuliers\/","name":"Amivac : Le site Fran\u00e7ais de location saisonni\u00e8re entre particuliers - Swikly","isPartOf":{"@id":"https:\/\/www.swikly.com\/#website"},"primaryImageOfPage":{"@id":"https:\/\/www.swikly.com\/location-saisonniere\/2017\/12\/amivac-le-site-francais-de-location-saisonniere-entre-particuliers\/#primaryimage"},"image":{"@id":"https:\/\/www.swikly.com\/location-saisonniere\/2017\/12\/amivac-le-site-francais-de-location-saisonniere-entre-particuliers\/#primaryimage"},"thumbnailUrl":"https:\/\/swiklywpstorage.blob.core.windows.net\/wp-media\/2017\/12\/pexels-andrea-davis-4617771.jpg","datePublished":"2017-12-15T09:18:06+00:00","dateModified":"2021-06-16T08:14:04+00:00","breadcrumb":{"@id":"https:\/\/www.swikly.com\/location-saisonniere\/2017\/12\/amivac-le-site-francais-de-location-saisonniere-entre-particuliers\/#breadcrumb"},"inLanguage":"en-GB","potentialAction":[{"@type":"ReadAction","target":["https:\/\/www.swikly.com\/location-saisonniere\/2017\/12\/amivac-le-site-francais-de-location-saisonniere-entre-particuliers\/"]}]},{"@type":"ImageObject","inLanguage":"en-GB","@id":"https:\/\/www.swikly.com\/location-saisonniere\/2017\/12\/amivac-le-site-francais-de-location-saisonniere-entre-particuliers\/#primaryimage","url":"https:\/\/swiklywpstorage.blob.core.windows.net\/wp-media\/2017\/12\/pexels-andrea-davis-4617771.jpg","contentUrl":"https:\/\/swiklywpstorage.blob.core.windows.net\/wp-media\/2017\/12\/pexels-andrea-davis-4617771.jpg","width":2000,"height":1333,"caption":"Location saisonni\u00e8re"},{"@type":"BreadcrumbList","@id":"https:\/\/www.swikly.com\/location-saisonniere\/2017\/12\/amivac-le-site-francais-de-location-saisonniere-entre-particuliers\/#breadcrumb","itemListElement":[{"@type":"ListItem","position":1,"name":"Accueil","item":"https:\/\/www.swikly.com\/"},{"@type":"ListItem","position":2,"name":"Amivac : Le site Fran\u00e7ais de location saisonni\u00e8re entre particuliers"}]},{"@type":"WebSite","@id":"https:\/\/www.swikly.com\/#website","url":"https:\/\/www.swikly.com\/","name":"Swikly","description":"La solution pour vos cautions, en ligne !","publisher":{"@id":"https:\/\/www.swikly.com\/#organization"},"potentialAction":[{"@type":"SearchAction","target":{"@type":"EntryPoint","urlTemplate":"https:\/\/www.swikly.com\/?s={search_term_string}"},"query-input":{"@type":"PropertyValueSpecification","valueRequired":true,"valueName":"search_term_string"}}],"inLanguage":"en-GB"},{"@type":"Organization","@id":"https:\/\/www.swikly.com\/#organization","name":"Swikly","url":"https:\/\/www.swikly.com\/","logo":{"@type":"ImageObject","inLanguage":"en-GB","@id":"https:\/\/www.swikly.com\/#\/schema\/logo\/image\/","url":"https:\/\/www.swikly.com\/wp-content\/uploads\/2020\/02\/cropped-logo-swikly.png","contentUrl":"https:\/\/www.swikly.com\/wp-content\/uploads\/2020\/02\/cropped-logo-swikly.png","width":1574,"height":250,"caption":"Swikly"},"image":{"@id":"https:\/\/www.swikly.com\/#\/schema\/logo\/image\/"},"sameAs":["https:\/\/www.facebook.com\/swikly\/","https:\/\/x.com\/swikly_company","https:\/\/www.linkedin.com\/company\/swikly\/"]},{"@type":"Person","@id":"https:\/\/www.swikly.com\/#\/schema\/person\/45bba15f3f1a85e94c2fd5730a6684c5","name":"Charles Jung","image":{"@type":"ImageObject","inLanguage":"en-GB","@id":"https:\/\/www.swikly.com\/#\/schema\/person\/image\/","url":"https:\/\/secure.gravatar.com\/avatar\/4977c31bd12495b60a28c7e404695842?s=96&d=mm&r=g","contentUrl":"https:\/\/secure.gravatar.com\/avatar\/4977c31bd12495b60a28c7e404695842?s=96&d=mm&r=g","caption":"Charles Jung"},"url":"https:\/\/www.swikly.com\/en\/author\/charles-jung-ext\/"}]}},"_links":{"self":[{"href":"https:\/\/www.swikly.com\/en\/wp-json\/wp\/v2\/posts\/3920"}],"collection":[{"href":"https:\/\/www.swikly.com\/en\/wp-json\/wp\/v2\/posts"}],"about":[{"href":"https:\/\/www.swikly.com\/en\/wp-json\/wp\/v2\/types\/post"}],"author":[{"embeddable":true,"href":"https:\/\/www.swikly.com\/en\/wp-json\/wp\/v2\/users\/990018"}],"replies":[{"embeddable":true,"href":"https:\/\/www.swikly.com\/en\/wp-json\/wp\/v2\/comments?post=3920"}],"version-history":[{"count":4,"href":"https:\/\/www.swikly.com\/en\/wp-json\/wp\/v2\/posts\/3920\/revisions"}],"predecessor-version":[{"id":5141,"href":"https:\/\/www.swikly.com\/en\/wp-json\/wp\/v2\/posts\/3920\/revisions\/5141"}],"wp:featuredmedia":[{"embeddable":true,"href":"https:\/\/www.swikly.com\/en\/wp-json\/wp\/v2\/media\/4656"}],"wp:attachment":[{"href":"https:\/\/www.swikly.com\/en\/wp-json\/wp\/v2\/media?parent=3920"}],"wp:term":[{"taxonomy":"category","embeddable":true,"href":"https:\/\/www.swikly.com\/en\/wp-json\/wp\/v2\/categories?post=3920"},{"taxonomy":"post_tag","embeddable":true,"href":"https:\/\/www.swikly.com\/en\/wp-json\/wp\/v2\/tags?post=3920"}],"curies":[{"name":"wp","href":"https:\/\/api.w.org\/{rel}","templated":true}]}}