{"id":4072,"date":"2019-08-02T10:57:18","date_gmt":"2019-08-02T08:57:18","guid":{"rendered":"https:\/\/swikly.blog\/?p=2283"},"modified":"2021-06-16T10:13:47","modified_gmt":"2021-06-16T08:13:47","slug":"partir-en-vacances-cest-aussi-possible-en-fauteuil-roulant","status":"publish","type":"post","link":"https:\/\/www.swikly.com\/en\/partners\/2019\/08\/going-on-holiday-is-also-possible-with-a-wheelchair\/","title":{"rendered":"Going on holiday is also possible in a wheelchair!"},"content":{"rendered":"<p class=\"has-text-align-justify has-very-dark-gray-color has-text-color\">Summer means sunshine, cocktails by the water, family walks, barbecue evenings with friends, mountain hikes... In short, summer means holidays. But for people with reduced mobility, who need adapted services, holidays can also be associated with anguish, hardship... <strong>To enable people with reduced mobility to go on holiday without unpleasant surprises, a group of 20-year-olds from Lyon have created <a href=\"https:\/\/www.mobeetravel.com\/\">Mobee Travel<\/a><\/strong>.<\/p>\n\n\n\n<div style=\"height:50px\" aria-hidden=\"true\" class=\"wp-block-spacer\"><\/div>\n\n\n\n<h2 class=\"wp-block-heading\"><strong>How does it work?<\/strong><\/h2>\n\n\n\n<p class=\"has-text-align-justify\"><strong>Mobee Travel is an online holiday booking platform<\/strong>which offers <strong>suitable accommodation<\/strong>The site also provides a medical service that can take care of all the necessary medical needs. Users go to the site and choose an accommodation that corresponds to them among the proposed offer (hotels, campsites, cottages, guest houses...). They are then <strong>accompanied by a team of employees <\/strong>young and dynamic people who organize the personalized stay. <strong>Airline tickets, accommodation, transportation, medical care, excursions, activities... <\/strong>Everything the client needs is offered, with the certainty of having adapted services. And what's more, it doesn't cost more than a stay in a classic agency or on Booking.com, so that the handicap is not overcharged!<\/p>\n\n\n\n<div style=\"height:50px\" aria-hidden=\"true\" class=\"wp-block-spacer\"><\/div>\n\n\n\n<h2 class=\"wp-block-heading\"><strong>The answer to a real need<\/strong><\/h2>\n\n\n\n<p class=\"has-text-align-justify\">In France, 3M people are considered to have reduced mobility, of which 1M are in wheelchairs. Due to the ageing of the population, this figure will continue to rise: according to a recent study by INSEE, the number of dependent elderly people will reach 4M in 2050.<strong> Solutions must be found both to change the way people think about disability and to support the changes to come<\/strong> in the coming decades. <a href=\"https:\/\/www.mobeetravel.com\/\" target=\"_blank\" rel=\"noreferrer noopener\" aria-label=\"In the tourism sector, Mobee Travel is the solution. (opens in a new tab)\">In the tourism sector, Mobee Travel is the solution.<\/a><\/p>\n\n\n\n<p class=\"has-text-align-left\">Just like Swikly, Mobee Travel responds to a real demand, which is evolving day by day.<\/p>\n\n\n\n<div style=\"height:50px\" aria-hidden=\"true\" class=\"wp-block-spacer\"><\/div>\n\n\n\n<h2 class=\"wp-block-heading\"><strong>A very young team!<\/strong><\/h2>\n\n\n\n<p class=\"has-text-align-justify\">Today, 8 employees work at Mobee Travel, with an average age of 23. The objective is to break the codes and invent a new world of work, where conviviality and well-being are an integral part of daily life. No dress code, no fixed working hours, less hierarchy. It's up to everyone to show seriousness and common sense, so that the atmosphere is healthier and the environment more favourable and motivating to work.<\/p>\n\n\n\n<p><strong><a rel=\"noreferrer noopener\" aria-label=\"Swikly (opens in a new tab)\" href=\"https:\/\/www.swikly.com\/en\/\" target=\"_blank\">Swikly<\/a> and <a href=\"https:\/\/www.mobeetravel.com\/\" target=\"_blank\" rel=\"noreferrer noopener\" aria-label=\"Mobee Travel (opens in a new tab)\">Mobee Travel<\/a> share the same objective: to simplify your life.<\/strong><\/p>\n\n\n\n<p class=\"has-text-align-left\">Want to know more? Do not hesitate to visit<br> their site <a href=\"http:\/\/www.mobeetravel.com\">www.mobeetravel.com<\/a> or follow them on social networks!<\/p>","protected":false},"excerpt":{"rendered":"<p>Going on holiday in a wheelchair? No problem with Mobee Travel, the travel agency specialized in disability<\/p>","protected":false},"author":990018,"featured_media":4619,"comment_status":"closed","ping_status":"closed","sticky":false,"template":"","format":"aside","meta":{"content-type":"","_mo_disable_npp":"","_monsterinsights_skip_tracking":false,"_monsterinsights_sitenote_active":false,"_monsterinsights_sitenote_note":"","_monsterinsights_sitenote_category":0,"footnotes":""},"categories":[278],"tags":[288,143,289,290,291,286],"class_list":["post-4072","post","type-post","status-publish","format-aside","has-post-thumbnail","hentry","category-partenaires","tag-handicap","tag-location-saisonniere","tag-mobility","tag-pmr","tag-travel","tag-vacation-rental","post_format-post-format-aside"],"yoast_head":"<!-- This site is optimized with the Yoast SEO plugin v24.6 - https:\/\/yoast.com\/wordpress\/plugins\/seo\/ -->\n<title>Partir en vacances, c&#039;est aussi possible en fauteuil roulant ! - Swikly<\/title>\n<meta name=\"robots\" content=\"index, follow, max-snippet:-1, max-image-preview:large, max-video-preview:-1\" \/>\n<link rel=\"canonical\" href=\"https:\/\/www.swikly.com\/en\/partners-3\/2019\/08\/going-on-holiday-is-also-possible-with-a-wheelchair\/\" \/>\n<meta property=\"og:locale\" content=\"en_GB\" \/>\n<meta property=\"og:type\" content=\"article\" \/>\n<meta property=\"og:title\" content=\"Partir en vacances, c&#039;est aussi possible en fauteuil roulant ! - Swikly\" \/>\n<meta property=\"og:description\" content=\"Partir en vacances en fauteuil roulant ? Aucun probl\u00e8mes avec Mobee Travel, l&#039;agence de voyage sp\u00e9cialis\u00e9e dans le handicap\" \/>\n<meta property=\"og:url\" content=\"https:\/\/www.swikly.com\/en\/partners-3\/2019\/08\/going-on-holiday-is-also-possible-with-a-wheelchair\/\" \/>\n<meta property=\"og:site_name\" content=\"Swikly\" \/>\n<meta property=\"article:publisher\" content=\"https:\/\/www.facebook.com\/swikly\/\" \/>\n<meta property=\"article:published_time\" content=\"2019-08-02T08:57:18+00:00\" \/>\n<meta property=\"article:modified_time\" content=\"2021-06-16T08:13:47+00:00\" \/>\n<meta property=\"og:image\" content=\"https:\/\/swiklywpstorage.blob.core.windows.net\/wp-media\/2019\/08\/pexels-marcus-aurelius-4063529.jpg\" \/>\n\t<meta property=\"og:image:width\" content=\"2000\" \/>\n\t<meta property=\"og:image:height\" content=\"1333\" \/>\n\t<meta property=\"og:image:type\" content=\"image\/jpeg\" \/>\n<meta name=\"author\" content=\"Charles Jung\" \/>\n<meta name=\"twitter:card\" content=\"summary_large_image\" \/>\n<meta name=\"twitter:creator\" content=\"@swikly_company\" \/>\n<meta name=\"twitter:site\" content=\"@swikly_company\" \/>\n<meta name=\"twitter:label1\" content=\"Written by\" \/>\n\t<meta name=\"twitter:data1\" content=\"Charles Jung\" \/>\n\t<meta name=\"twitter:label2\" content=\"Estimated reading time\" \/>\n\t<meta name=\"twitter:data2\" content=\"2 minutes\" \/>\n<script type=\"application\/ld+json\" class=\"yoast-schema-graph\">{\"@context\":\"https:\/\/schema.org\",\"@graph\":[{\"@type\":\"Article\",\"@id\":\"https:\/\/www.swikly.com\/es\/socios-2\/2019\/08\/ir-de-vacaciones-tambien-es-posible-con-una-silla-de-ruedas\/#article\",\"isPartOf\":{\"@id\":\"https:\/\/www.swikly.com\/es\/socios-2\/2019\/08\/ir-de-vacaciones-tambien-es-posible-con-una-silla-de-ruedas\/\"},\"author\":{\"name\":\"Charles Jung\",\"@id\":\"https:\/\/www.swikly.com\/#\/schema\/person\/45bba15f3f1a85e94c2fd5730a6684c5\"},\"headline\":\"Partir en vacances, c&rsquo;est aussi possible en fauteuil roulant !\",\"datePublished\":\"2019-08-02T08:57:18+00:00\",\"dateModified\":\"2021-06-16T08:13:47+00:00\",\"mainEntityOfPage\":{\"@id\":\"https:\/\/www.swikly.com\/es\/socios-2\/2019\/08\/ir-de-vacaciones-tambien-es-posible-con-una-silla-de-ruedas\/\"},\"wordCount\":468,\"publisher\":{\"@id\":\"https:\/\/www.swikly.com\/#organization\"},\"image\":{\"@id\":\"https:\/\/www.swikly.com\/es\/socios-2\/2019\/08\/ir-de-vacaciones-tambien-es-posible-con-una-silla-de-ruedas\/#primaryimage\"},\"thumbnailUrl\":\"https:\/\/swiklywpstorage.blob.core.windows.net\/wp-media\/2019\/08\/pexels-marcus-aurelius-4063529.jpg\",\"keywords\":[\"handicap\",\"location saisonni\u00e8re\",\"mobility\",\"pmr\",\"travel\",\"vacation rental\"],\"articleSection\":[\"Partenaires\"],\"inLanguage\":\"en-GB\"},{\"@type\":\"WebPage\",\"@id\":\"https:\/\/www.swikly.com\/es\/socios-2\/2019\/08\/ir-de-vacaciones-tambien-es-posible-con-una-silla-de-ruedas\/\",\"url\":\"https:\/\/www.swikly.com\/es\/socios-2\/2019\/08\/ir-de-vacaciones-tambien-es-posible-con-una-silla-de-ruedas\/\",\"name\":\"Partir en vacances, c'est aussi possible en fauteuil roulant ! - Swikly\",\"isPartOf\":{\"@id\":\"https:\/\/www.swikly.com\/#website\"},\"primaryImageOfPage\":{\"@id\":\"https:\/\/www.swikly.com\/es\/socios-2\/2019\/08\/ir-de-vacaciones-tambien-es-posible-con-una-silla-de-ruedas\/#primaryimage\"},\"image\":{\"@id\":\"https:\/\/www.swikly.com\/es\/socios-2\/2019\/08\/ir-de-vacaciones-tambien-es-posible-con-una-silla-de-ruedas\/#primaryimage\"},\"thumbnailUrl\":\"https:\/\/swiklywpstorage.blob.core.windows.net\/wp-media\/2019\/08\/pexels-marcus-aurelius-4063529.jpg\",\"datePublished\":\"2019-08-02T08:57:18+00:00\",\"dateModified\":\"2021-06-16T08:13:47+00:00\",\"breadcrumb\":{\"@id\":\"https:\/\/www.swikly.com\/es\/socios-2\/2019\/08\/ir-de-vacaciones-tambien-es-posible-con-una-silla-de-ruedas\/#breadcrumb\"},\"inLanguage\":\"en-GB\",\"potentialAction\":[{\"@type\":\"ReadAction\",\"target\":[\"https:\/\/www.swikly.com\/es\/socios-2\/2019\/08\/ir-de-vacaciones-tambien-es-posible-con-una-silla-de-ruedas\/\"]}]},{\"@type\":\"ImageObject\",\"inLanguage\":\"en-GB\",\"@id\":\"https:\/\/www.swikly.com\/es\/socios-2\/2019\/08\/ir-de-vacaciones-tambien-es-posible-con-una-silla-de-ruedas\/#primaryimage\",\"url\":\"https:\/\/swiklywpstorage.blob.core.windows.net\/wp-media\/2019\/08\/pexels-marcus-aurelius-4063529.jpg\",\"contentUrl\":\"https:\/\/swiklywpstorage.blob.core.windows.net\/wp-media\/2019\/08\/pexels-marcus-aurelius-4063529.jpg\",\"width\":2000,\"height\":1333,\"caption\":\"Handicap\"},{\"@type\":\"BreadcrumbList\",\"@id\":\"https:\/\/www.swikly.com\/es\/socios-2\/2019\/08\/ir-de-vacaciones-tambien-es-posible-con-una-silla-de-ruedas\/#breadcrumb\",\"itemListElement\":[{\"@type\":\"ListItem\",\"position\":1,\"name\":\"Accueil\",\"item\":\"https:\/\/www.swikly.com\/\"},{\"@type\":\"ListItem\",\"position\":2,\"name\":\"Partir en vacances, c&rsquo;est aussi possible en fauteuil roulant !\"}]},{\"@type\":\"WebSite\",\"@id\":\"https:\/\/www.swikly.com\/#website\",\"url\":\"https:\/\/www.swikly.com\/\",\"name\":\"Swikly\",\"description\":\"La solution pour vos cautions, en ligne !\",\"publisher\":{\"@id\":\"https:\/\/www.swikly.com\/#organization\"},\"potentialAction\":[{\"@type\":\"SearchAction\",\"target\":{\"@type\":\"EntryPoint\",\"urlTemplate\":\"https:\/\/www.swikly.com\/?s={search_term_string}\"},\"query-input\":{\"@type\":\"PropertyValueSpecification\",\"valueRequired\":true,\"valueName\":\"search_term_string\"}}],\"inLanguage\":\"en-GB\"},{\"@type\":\"Organization\",\"@id\":\"https:\/\/www.swikly.com\/#organization\",\"name\":\"Swikly\",\"url\":\"https:\/\/www.swikly.com\/\",\"logo\":{\"@type\":\"ImageObject\",\"inLanguage\":\"en-GB\",\"@id\":\"https:\/\/www.swikly.com\/#\/schema\/logo\/image\/\",\"url\":\"https:\/\/www.swikly.com\/wp-content\/uploads\/2020\/02\/cropped-logo-swikly.png\",\"contentUrl\":\"https:\/\/www.swikly.com\/wp-content\/uploads\/2020\/02\/cropped-logo-swikly.png\",\"width\":1574,\"height\":250,\"caption\":\"Swikly\"},\"image\":{\"@id\":\"https:\/\/www.swikly.com\/#\/schema\/logo\/image\/\"},\"sameAs\":[\"https:\/\/www.facebook.com\/swikly\/\",\"https:\/\/x.com\/swikly_company\",\"https:\/\/www.linkedin.com\/company\/swikly\/\"]},{\"@type\":\"Person\",\"@id\":\"https:\/\/www.swikly.com\/#\/schema\/person\/45bba15f3f1a85e94c2fd5730a6684c5\",\"name\":\"Charles Jung\",\"image\":{\"@type\":\"ImageObject\",\"inLanguage\":\"en-GB\",\"@id\":\"https:\/\/www.swikly.com\/#\/schema\/person\/image\/\",\"url\":\"https:\/\/secure.gravatar.com\/avatar\/4977c31bd12495b60a28c7e404695842?s=96&d=mm&r=g\",\"contentUrl\":\"https:\/\/secure.gravatar.com\/avatar\/4977c31bd12495b60a28c7e404695842?s=96&d=mm&r=g\",\"caption\":\"Charles Jung\"},\"url\":\"https:\/\/www.swikly.com\/en\/author\/charles-jung-ext\/\"}]}<\/script>\n<!-- \/ Yoast SEO plugin. -->","yoast_head_json":{"title":"Partir en vacances, c'est aussi possible en fauteuil roulant ! - Swikly","robots":{"index":"index","follow":"follow","max-snippet":"max-snippet:-1","max-image-preview":"max-image-preview:large","max-video-preview":"max-video-preview:-1"},"canonical":"https:\/\/www.swikly.com\/en\/partners-3\/2019\/08\/going-on-holiday-is-also-possible-with-a-wheelchair\/","og_locale":"en_GB","og_type":"article","og_title":"Partir en vacances, c'est aussi possible en fauteuil roulant ! - Swikly","og_description":"Partir en vacances en fauteuil roulant ? Aucun probl\u00e8mes avec Mobee Travel, l'agence de voyage sp\u00e9cialis\u00e9e dans le handicap","og_url":"https:\/\/www.swikly.com\/en\/partners-3\/2019\/08\/going-on-holiday-is-also-possible-with-a-wheelchair\/","og_site_name":"Swikly","article_publisher":"https:\/\/www.facebook.com\/swikly\/","article_published_time":"2019-08-02T08:57:18+00:00","article_modified_time":"2021-06-16T08:13:47+00:00","og_image":[{"width":2000,"height":1333,"url":"https:\/\/swiklywpstorage.blob.core.windows.net\/wp-media\/2019\/08\/pexels-marcus-aurelius-4063529.jpg","type":"image\/jpeg"}],"author":"Charles Jung","twitter_card":"summary_large_image","twitter_creator":"@swikly_company","twitter_site":"@swikly_company","twitter_misc":{"Written by":"Charles Jung","Estimated reading time":"2 minutes"},"schema":{"@context":"https:\/\/schema.org","@graph":[{"@type":"Article","@id":"https:\/\/www.swikly.com\/es\/socios-2\/2019\/08\/ir-de-vacaciones-tambien-es-posible-con-una-silla-de-ruedas\/#article","isPartOf":{"@id":"https:\/\/www.swikly.com\/es\/socios-2\/2019\/08\/ir-de-vacaciones-tambien-es-posible-con-una-silla-de-ruedas\/"},"author":{"name":"Charles Jung","@id":"https:\/\/www.swikly.com\/#\/schema\/person\/45bba15f3f1a85e94c2fd5730a6684c5"},"headline":"Partir en vacances, c&rsquo;est aussi possible en fauteuil roulant !","datePublished":"2019-08-02T08:57:18+00:00","dateModified":"2021-06-16T08:13:47+00:00","mainEntityOfPage":{"@id":"https:\/\/www.swikly.com\/es\/socios-2\/2019\/08\/ir-de-vacaciones-tambien-es-posible-con-una-silla-de-ruedas\/"},"wordCount":468,"publisher":{"@id":"https:\/\/www.swikly.com\/#organization"},"image":{"@id":"https:\/\/www.swikly.com\/es\/socios-2\/2019\/08\/ir-de-vacaciones-tambien-es-posible-con-una-silla-de-ruedas\/#primaryimage"},"thumbnailUrl":"https:\/\/swiklywpstorage.blob.core.windows.net\/wp-media\/2019\/08\/pexels-marcus-aurelius-4063529.jpg","keywords":["handicap","location saisonni\u00e8re","mobility","pmr","travel","vacation rental"],"articleSection":["Partenaires"],"inLanguage":"en-GB"},{"@type":"WebPage","@id":"https:\/\/www.swikly.com\/es\/socios-2\/2019\/08\/ir-de-vacaciones-tambien-es-posible-con-una-silla-de-ruedas\/","url":"https:\/\/www.swikly.com\/es\/socios-2\/2019\/08\/ir-de-vacaciones-tambien-es-posible-con-una-silla-de-ruedas\/","name":"Partir en vacances, c'est aussi possible en fauteuil roulant ! - Swikly","isPartOf":{"@id":"https:\/\/www.swikly.com\/#website"},"primaryImageOfPage":{"@id":"https:\/\/www.swikly.com\/es\/socios-2\/2019\/08\/ir-de-vacaciones-tambien-es-posible-con-una-silla-de-ruedas\/#primaryimage"},"image":{"@id":"https:\/\/www.swikly.com\/es\/socios-2\/2019\/08\/ir-de-vacaciones-tambien-es-posible-con-una-silla-de-ruedas\/#primaryimage"},"thumbnailUrl":"https:\/\/swiklywpstorage.blob.core.windows.net\/wp-media\/2019\/08\/pexels-marcus-aurelius-4063529.jpg","datePublished":"2019-08-02T08:57:18+00:00","dateModified":"2021-06-16T08:13:47+00:00","breadcrumb":{"@id":"https:\/\/www.swikly.com\/es\/socios-2\/2019\/08\/ir-de-vacaciones-tambien-es-posible-con-una-silla-de-ruedas\/#breadcrumb"},"inLanguage":"en-GB","potentialAction":[{"@type":"ReadAction","target":["https:\/\/www.swikly.com\/es\/socios-2\/2019\/08\/ir-de-vacaciones-tambien-es-posible-con-una-silla-de-ruedas\/"]}]},{"@type":"ImageObject","inLanguage":"en-GB","@id":"https:\/\/www.swikly.com\/es\/socios-2\/2019\/08\/ir-de-vacaciones-tambien-es-posible-con-una-silla-de-ruedas\/#primaryimage","url":"https:\/\/swiklywpstorage.blob.core.windows.net\/wp-media\/2019\/08\/pexels-marcus-aurelius-4063529.jpg","contentUrl":"https:\/\/swiklywpstorage.blob.core.windows.net\/wp-media\/2019\/08\/pexels-marcus-aurelius-4063529.jpg","width":2000,"height":1333,"caption":"Handicap"},{"@type":"BreadcrumbList","@id":"https:\/\/www.swikly.com\/es\/socios-2\/2019\/08\/ir-de-vacaciones-tambien-es-posible-con-una-silla-de-ruedas\/#breadcrumb","itemListElement":[{"@type":"ListItem","position":1,"name":"Accueil","item":"https:\/\/www.swikly.com\/"},{"@type":"ListItem","position":2,"name":"Partir en vacances, c&rsquo;est aussi possible en fauteuil roulant !"}]},{"@type":"WebSite","@id":"https:\/\/www.swikly.com\/#website","url":"https:\/\/www.swikly.com\/","name":"Swikly","description":"La solution pour vos cautions, en ligne !","publisher":{"@id":"https:\/\/www.swikly.com\/#organization"},"potentialAction":[{"@type":"SearchAction","target":{"@type":"EntryPoint","urlTemplate":"https:\/\/www.swikly.com\/?s={search_term_string}"},"query-input":{"@type":"PropertyValueSpecification","valueRequired":true,"valueName":"search_term_string"}}],"inLanguage":"en-GB"},{"@type":"Organization","@id":"https:\/\/www.swikly.com\/#organization","name":"Swikly","url":"https:\/\/www.swikly.com\/","logo":{"@type":"ImageObject","inLanguage":"en-GB","@id":"https:\/\/www.swikly.com\/#\/schema\/logo\/image\/","url":"https:\/\/www.swikly.com\/wp-content\/uploads\/2020\/02\/cropped-logo-swikly.png","contentUrl":"https:\/\/www.swikly.com\/wp-content\/uploads\/2020\/02\/cropped-logo-swikly.png","width":1574,"height":250,"caption":"Swikly"},"image":{"@id":"https:\/\/www.swikly.com\/#\/schema\/logo\/image\/"},"sameAs":["https:\/\/www.facebook.com\/swikly\/","https:\/\/x.com\/swikly_company","https:\/\/www.linkedin.com\/company\/swikly\/"]},{"@type":"Person","@id":"https:\/\/www.swikly.com\/#\/schema\/person\/45bba15f3f1a85e94c2fd5730a6684c5","name":"Charles Jung","image":{"@type":"ImageObject","inLanguage":"en-GB","@id":"https:\/\/www.swikly.com\/#\/schema\/person\/image\/","url":"https:\/\/secure.gravatar.com\/avatar\/4977c31bd12495b60a28c7e404695842?s=96&d=mm&r=g","contentUrl":"https:\/\/secure.gravatar.com\/avatar\/4977c31bd12495b60a28c7e404695842?s=96&d=mm&r=g","caption":"Charles Jung"},"url":"https:\/\/www.swikly.com\/en\/author\/charles-jung-ext\/"}]}},"_links":{"self":[{"href":"https:\/\/www.swikly.com\/en\/wp-json\/wp\/v2\/posts\/4072"}],"collection":[{"href":"https:\/\/www.swikly.com\/en\/wp-json\/wp\/v2\/posts"}],"about":[{"href":"https:\/\/www.swikly.com\/en\/wp-json\/wp\/v2\/types\/post"}],"author":[{"embeddable":true,"href":"https:\/\/www.swikly.com\/en\/wp-json\/wp\/v2\/users\/990018"}],"replies":[{"embeddable":true,"href":"https:\/\/www.swikly.com\/en\/wp-json\/wp\/v2\/comments?post=4072"}],"version-history":[{"count":3,"href":"https:\/\/www.swikly.com\/en\/wp-json\/wp\/v2\/posts\/4072\/revisions"}],"predecessor-version":[{"id":5125,"href":"https:\/\/www.swikly.com\/en\/wp-json\/wp\/v2\/posts\/4072\/revisions\/5125"}],"wp:featuredmedia":[{"embeddable":true,"href":"https:\/\/www.swikly.com\/en\/wp-json\/wp\/v2\/media\/4619"}],"wp:attachment":[{"href":"https:\/\/www.swikly.com\/en\/wp-json\/wp\/v2\/media?parent=4072"}],"wp:term":[{"taxonomy":"category","embeddable":true,"href":"https:\/\/www.swikly.com\/en\/wp-json\/wp\/v2\/categories?post=4072"},{"taxonomy":"post_tag","embeddable":true,"href":"https:\/\/www.swikly.com\/en\/wp-json\/wp\/v2\/tags?post=4072"}],"curies":[{"name":"wp","href":"https:\/\/api.w.org\/{rel}","templated":true}]}}