{"id":5440,"date":"2021-10-29T15:03:01","date_gmt":"2021-10-29T13:03:01","guid":{"rendered":"http:\/\/ec2-34-250-231-82.eu-west-1.compute.amazonaws.com\/?p=5440"},"modified":"2024-11-18T17:58:44","modified_gmt":"2024-11-18T16:58:44","slug":"comment-amenager-votre-hebergement-pour-lhiver","status":"publish","type":"post","link":"https:\/\/www.swikly.com\/en\/vacation-rental\/2021\/10\/how-to-set-up-your-accommodation-for-winter\/","title":{"rendered":"How to prepare your accommodation for winter?"},"content":{"rendered":"<h2 class=\"wp-block-heading\"><strong>Why should I prepare my home for winter?<\/strong><\/h2>\n\n\n\n<p>The winter season is both a challenge and an opportunity for vacation rental professionals. This time of year is a golden opportunity for property managers to attract travelers who want to celebrate the holiday season in a charming setting. That's why you need to change your layout to meet your guests' expectations!<\/p>\n\n\n\n<div style=\"height:40px\" aria-hidden=\"true\" class=\"wp-block-spacer\"><\/div>\n\n\n\n<h2 class=\"wp-block-heading\"><strong>Think about the weather<\/strong><\/h2>\n\n\n\n<p>Fall and winter are often plagued by bad weather. Rain, snow and cold are part of our daily routine at the end of the year and your travellers may not be prepared for it.<\/p>\n\n\n\n<p>Place some umbrellas in your homes!<\/p>\n\n\n\n<div style=\"height:40px\" aria-hidden=\"true\" class=\"wp-block-spacer\"><\/div>\n\n\n\n<h2 class=\"wp-block-heading\"><strong>The nightmare of the cold<\/strong><\/h2>\n\n\n\n<p>It goes without saying that being cold in an accommodation can ruin your stay. Not everyone is equally sensitive to the cold, so it is essential to equip your accommodation accordingly.<\/p>\n\n\n\n<p>Remember to include extra blankets and plaids for warm cocooning evenings!<\/p>\n\n\n\n<p>If your mattresses have a summer and a winter side, remember to turn them over at the end of the summer season.<\/p>\n\n\n\n<p>Depending on the heating management of your accommodation, plan to turn it on before the arrival of your travellers for a comfortable welcome and a successful first impression! Be careful not to overdo it though: don't turn your accommodation into a sauna, a temperature between 20 and 23 degrees will be more than enough.<\/p>\n\n\n\n<p>If your bathrooms are equipped with a bathtub, think about it <a href=\"https:\/\/www.swikly.com\/en\/vacation-rental\/2021\/10\/update-your-announcements-for-low-season\/\" target=\"_blank\" rel=\"noreferrer noopener\">put forward on your ads.<\/a> There's nothing like a nice hot bath after a day of sightseeing outside!<\/p>\n\n\n\n<div style=\"height:40px\" aria-hidden=\"true\" class=\"wp-block-spacer\"><\/div>\n\n\n\n<h2 class=\"wp-block-heading\"><strong>Atmosphere is key<\/strong><\/h2>\n\n\n\n<p>In the collective imagination, winter has a very particular and much appreciated atmosphere: cocooning under a blanket with a good hot chocolate while watching the snow fall, a subdued atmosphere in the living room while watching Christmas movies, etc.<\/p>\n\n\n\n<p>Travelers who decide to book accommodations during this time are looking for that soothing, familiar, and exotic atmosphere. You need to adapt to this to ensure an exceptional experience for your guests.<\/p>\n\n\n\n<div style=\"height:25px\" aria-hidden=\"true\" class=\"wp-block-spacer\"><\/div>\n\n\n\n<h3 class=\"wp-block-heading\">The light<\/h3>\n\n\n\n<p>You can start by adding a few scented candles in the living area(s). If your light bulbs are more white, try to find ones that are more orange-yellow. <\/p>\n\n\n\n<p>Think of multiplying the small sources of light in the rooms: bedside lamps, floor lamps, candles, etc. This will allow your travellers to avoid turning on the ceiling lights and maintain a pleasant subdued atmosphere even at night.<\/p>\n\n\n\n<div style=\"height:25px\" aria-hidden=\"true\" class=\"wp-block-spacer\"><\/div>\n\n\n\n<h3 class=\"wp-block-heading\">Smells<\/h3>\n\n\n\n<p>If I mentioned above the scented candles, it is because many smells are associated with winter. Christmas meals, fir trees, the wood of a cottage, etc.. These are all smells that will bring back happy memories to your travellers.<\/p>\n\n\n\n<div style=\"height:25px\" aria-hidden=\"true\" class=\"wp-block-spacer\"><\/div>\n\n\n\n<p>Candles are a good option but often lack power and represent a certain cost and risk. You can turn to essential oil diffusers to create an atmosphere consistent with your home and the season!<\/p>\n\n\n\n<div style=\"height:25px\" aria-hidden=\"true\" class=\"wp-block-spacer\"><\/div>\n\n\n\n<h3 class=\"wp-block-heading\">The decoration<\/h3>\n\n\n\n<p>While it is essential to adapt the decorations to the season (forget the framed photos of the Bahamas), don't overdo it either. Don't forget that the end of year celebrations are different according to the origins and confessions of your travellers. Also, your guests should not feel like they are arriving at someone's home but in a space where they can quickly feel comfortable.<\/p>\n\n\n\n<p>A few garlands of lights, plaids on the armchairs and sofas as well as pictures and photos in accordance with the season will be more than enough.<\/p>\n\n\n\n<div style=\"height:25px\" aria-hidden=\"true\" class=\"wp-block-spacer\"><\/div>\n\n\n\n<h3 class=\"wp-block-heading\">The children<\/h3>\n\n\n\n<p>Your travellers will certainly be travelling with their children. Winter holidays are often a time for parents to spend time with their children. You can include various board games and books for all ages in your closets.<\/p>\n\n\n\n<p>With their renewed popularity, equipping your home with new board games can quickly represent a certain cost. So don't hesitate to buy them second hand!<\/p>\n\n\n\n<div style=\"height:40px\" aria-hidden=\"true\" class=\"wp-block-spacer\"><\/div>\n\n\n\n<h2 class=\"wp-block-heading\"><strong>In a nutshell<\/strong><\/h2>\n\n\n\n<p>Think about what winter means to you and your loved ones and use it as inspiration to recreate that warm and cozy atmosphere in your accommodations. Be prepared to welcome the coldest of travellers as well as the youngest.<\/p>\n\n\n\n<p>The key is to create a unique atmosphere for your customers.<\/p>","protected":false},"excerpt":{"rendered":"<p>The winter holidays are approaching and it is time to prepare your accommodation for the occasion!<\/p>","protected":false},"author":990018,"featured_media":5443,"comment_status":"closed","ping_status":"open","sticky":false,"template":"","format":"standard","meta":{"content-type":"","_mo_disable_npp":"","_monsterinsights_skip_tracking":false,"_monsterinsights_sitenote_active":false,"_monsterinsights_sitenote_note":"","_monsterinsights_sitenote_category":0,"footnotes":""},"categories":[95],"tags":[319,318,317],"class_list":["post-5440","post","type-post","status-publish","format-standard","has-post-thumbnail","hentry","category-location-saisonniere","tag-amenagement","tag-hiver","tag-occupation"],"yoast_head":"<!-- This site is optimized with the Yoast SEO plugin v24.6 - https:\/\/yoast.com\/wordpress\/plugins\/seo\/ -->\n<title>Comment am\u00e9nager votre h\u00e9bergement pour l&#039;hiver ? - Swikly<\/title>\n<meta name=\"description\" content=\"Les vacances d&#039;hiver approchent et il est temps d&#039;am\u00e9nager vos h\u00e9bergements pour l&#039;occasion !\" \/>\n<meta name=\"robots\" content=\"index, follow, max-snippet:-1, max-image-preview:large, max-video-preview:-1\" \/>\n<link rel=\"canonical\" href=\"https:\/\/www.swikly.com\/en\/vacation-rental\/2021\/10\/how-to-set-up-your-accommodation-for-winter\/\" \/>\n<meta property=\"og:locale\" content=\"en_GB\" \/>\n<meta property=\"og:type\" content=\"article\" \/>\n<meta property=\"og:title\" content=\"Comment am\u00e9nager votre h\u00e9bergement pour l&#039;hiver ? - Swikly\" \/>\n<meta property=\"og:description\" content=\"Les vacances d&#039;hiver approchent et il est temps d&#039;am\u00e9nager vos h\u00e9bergements pour l&#039;occasion !\" \/>\n<meta property=\"og:url\" content=\"https:\/\/www.swikly.com\/en\/vacation-rental\/2021\/10\/how-to-set-up-your-accommodation-for-winter\/\" \/>\n<meta property=\"og:site_name\" content=\"Swikly\" \/>\n<meta property=\"article:publisher\" content=\"https:\/\/www.facebook.com\/swikly\/\" \/>\n<meta property=\"article:published_time\" content=\"2021-10-29T13:03:01+00:00\" \/>\n<meta property=\"article:modified_time\" content=\"2024-11-18T16:58:44+00:00\" \/>\n<meta property=\"og:image\" content=\"https:\/\/swiklywpstorage.blob.core.windows.net\/wp-media\/2021\/10\/chalet.jpg\" \/>\n\t<meta property=\"og:image:width\" content=\"1920\" \/>\n\t<meta property=\"og:image:height\" content=\"1280\" \/>\n\t<meta property=\"og:image:type\" content=\"image\/jpeg\" \/>\n<meta name=\"author\" content=\"Charles Jung\" \/>\n<meta name=\"twitter:card\" content=\"summary_large_image\" \/>\n<meta name=\"twitter:creator\" content=\"@swikly_company\" \/>\n<meta name=\"twitter:site\" content=\"@swikly_company\" \/>\n<meta name=\"twitter:label1\" content=\"Written by\" \/>\n\t<meta name=\"twitter:data1\" content=\"Charles Jung\" \/>\n\t<meta name=\"twitter:label2\" content=\"Estimated reading time\" \/>\n\t<meta name=\"twitter:data2\" content=\"4 minutes\" \/>\n<script type=\"application\/ld+json\" class=\"yoast-schema-graph\">{\"@context\":\"https:\/\/schema.org\",\"@graph\":[{\"@type\":\"Article\",\"@id\":\"https:\/\/www.swikly.com\/location-saisonniere\/2021\/10\/comment-amenager-votre-hebergement-pour-lhiver\/#article\",\"isPartOf\":{\"@id\":\"https:\/\/www.swikly.com\/location-saisonniere\/2021\/10\/comment-amenager-votre-hebergement-pour-lhiver\/\"},\"author\":{\"name\":\"Charles Jung\",\"@id\":\"https:\/\/www.swikly.com\/#\/schema\/person\/45bba15f3f1a85e94c2fd5730a6684c5\"},\"headline\":\"Comment am\u00e9nager votre h\u00e9bergement pour l&rsquo;hiver ?\",\"datePublished\":\"2021-10-29T13:03:01+00:00\",\"dateModified\":\"2024-11-18T16:58:44+00:00\",\"mainEntityOfPage\":{\"@id\":\"https:\/\/www.swikly.com\/location-saisonniere\/2021\/10\/comment-amenager-votre-hebergement-pour-lhiver\/\"},\"wordCount\":790,\"publisher\":{\"@id\":\"https:\/\/www.swikly.com\/#organization\"},\"image\":{\"@id\":\"https:\/\/www.swikly.com\/location-saisonniere\/2021\/10\/comment-amenager-votre-hebergement-pour-lhiver\/#primaryimage\"},\"thumbnailUrl\":\"https:\/\/swiklywpstorage.blob.core.windows.net\/wp-media\/2021\/10\/chalet.jpg\",\"keywords\":[\"Am\u00e9nagement\",\"Hiver\",\"Occupation\"],\"articleSection\":[\"Location saisonni\u00e8re\"],\"inLanguage\":\"en-GB\"},{\"@type\":\"WebPage\",\"@id\":\"https:\/\/www.swikly.com\/location-saisonniere\/2021\/10\/comment-amenager-votre-hebergement-pour-lhiver\/\",\"url\":\"https:\/\/www.swikly.com\/location-saisonniere\/2021\/10\/comment-amenager-votre-hebergement-pour-lhiver\/\",\"name\":\"Comment am\u00e9nager votre h\u00e9bergement pour l'hiver ? - Swikly\",\"isPartOf\":{\"@id\":\"https:\/\/www.swikly.com\/#website\"},\"primaryImageOfPage\":{\"@id\":\"https:\/\/www.swikly.com\/location-saisonniere\/2021\/10\/comment-amenager-votre-hebergement-pour-lhiver\/#primaryimage\"},\"image\":{\"@id\":\"https:\/\/www.swikly.com\/location-saisonniere\/2021\/10\/comment-amenager-votre-hebergement-pour-lhiver\/#primaryimage\"},\"thumbnailUrl\":\"https:\/\/swiklywpstorage.blob.core.windows.net\/wp-media\/2021\/10\/chalet.jpg\",\"datePublished\":\"2021-10-29T13:03:01+00:00\",\"dateModified\":\"2024-11-18T16:58:44+00:00\",\"description\":\"Les vacances d'hiver approchent et il est temps d'am\u00e9nager vos h\u00e9bergements pour l'occasion !\",\"breadcrumb\":{\"@id\":\"https:\/\/www.swikly.com\/location-saisonniere\/2021\/10\/comment-amenager-votre-hebergement-pour-lhiver\/#breadcrumb\"},\"inLanguage\":\"en-GB\",\"potentialAction\":[{\"@type\":\"ReadAction\",\"target\":[\"https:\/\/www.swikly.com\/location-saisonniere\/2021\/10\/comment-amenager-votre-hebergement-pour-lhiver\/\"]}]},{\"@type\":\"ImageObject\",\"inLanguage\":\"en-GB\",\"@id\":\"https:\/\/www.swikly.com\/location-saisonniere\/2021\/10\/comment-amenager-votre-hebergement-pour-lhiver\/#primaryimage\",\"url\":\"https:\/\/swiklywpstorage.blob.core.windows.net\/wp-media\/2021\/10\/chalet.jpg\",\"contentUrl\":\"https:\/\/swiklywpstorage.blob.core.windows.net\/wp-media\/2021\/10\/chalet.jpg\",\"width\":1920,\"height\":1280,\"caption\":\"Village de montagne\"},{\"@type\":\"BreadcrumbList\",\"@id\":\"https:\/\/www.swikly.com\/location-saisonniere\/2021\/10\/comment-amenager-votre-hebergement-pour-lhiver\/#breadcrumb\",\"itemListElement\":[{\"@type\":\"ListItem\",\"position\":1,\"name\":\"Accueil\",\"item\":\"https:\/\/www.swikly.com\/\"},{\"@type\":\"ListItem\",\"position\":2,\"name\":\"Comment am\u00e9nager votre h\u00e9bergement pour l&rsquo;hiver ?\"}]},{\"@type\":\"WebSite\",\"@id\":\"https:\/\/www.swikly.com\/#website\",\"url\":\"https:\/\/www.swikly.com\/\",\"name\":\"Swikly\",\"description\":\"La solution pour vos cautions, en ligne !\",\"publisher\":{\"@id\":\"https:\/\/www.swikly.com\/#organization\"},\"potentialAction\":[{\"@type\":\"SearchAction\",\"target\":{\"@type\":\"EntryPoint\",\"urlTemplate\":\"https:\/\/www.swikly.com\/?s={search_term_string}\"},\"query-input\":{\"@type\":\"PropertyValueSpecification\",\"valueRequired\":true,\"valueName\":\"search_term_string\"}}],\"inLanguage\":\"en-GB\"},{\"@type\":\"Organization\",\"@id\":\"https:\/\/www.swikly.com\/#organization\",\"name\":\"Swikly\",\"url\":\"https:\/\/www.swikly.com\/\",\"logo\":{\"@type\":\"ImageObject\",\"inLanguage\":\"en-GB\",\"@id\":\"https:\/\/www.swikly.com\/#\/schema\/logo\/image\/\",\"url\":\"https:\/\/www.swikly.com\/wp-content\/uploads\/2020\/02\/cropped-logo-swikly.png\",\"contentUrl\":\"https:\/\/www.swikly.com\/wp-content\/uploads\/2020\/02\/cropped-logo-swikly.png\",\"width\":1574,\"height\":250,\"caption\":\"Swikly\"},\"image\":{\"@id\":\"https:\/\/www.swikly.com\/#\/schema\/logo\/image\/\"},\"sameAs\":[\"https:\/\/www.facebook.com\/swikly\/\",\"https:\/\/x.com\/swikly_company\",\"https:\/\/www.linkedin.com\/company\/swikly\/\"]},{\"@type\":\"Person\",\"@id\":\"https:\/\/www.swikly.com\/#\/schema\/person\/45bba15f3f1a85e94c2fd5730a6684c5\",\"name\":\"Charles Jung\",\"image\":{\"@type\":\"ImageObject\",\"inLanguage\":\"en-GB\",\"@id\":\"https:\/\/www.swikly.com\/#\/schema\/person\/image\/\",\"url\":\"https:\/\/secure.gravatar.com\/avatar\/4977c31bd12495b60a28c7e404695842?s=96&d=mm&r=g\",\"contentUrl\":\"https:\/\/secure.gravatar.com\/avatar\/4977c31bd12495b60a28c7e404695842?s=96&d=mm&r=g\",\"caption\":\"Charles Jung\"},\"url\":\"https:\/\/www.swikly.com\/en\/author\/charles-jung-ext\/\"}]}<\/script>\n<!-- \/ Yoast SEO plugin. -->","yoast_head_json":{"title":"Comment am\u00e9nager votre h\u00e9bergement pour l'hiver ? - Swikly","description":"Les vacances d'hiver approchent et il est temps d'am\u00e9nager vos h\u00e9bergements pour l'occasion !","robots":{"index":"index","follow":"follow","max-snippet":"max-snippet:-1","max-image-preview":"max-image-preview:large","max-video-preview":"max-video-preview:-1"},"canonical":"https:\/\/www.swikly.com\/en\/vacation-rental\/2021\/10\/how-to-set-up-your-accommodation-for-winter\/","og_locale":"en_GB","og_type":"article","og_title":"Comment am\u00e9nager votre h\u00e9bergement pour l'hiver ? - Swikly","og_description":"Les vacances d'hiver approchent et il est temps d'am\u00e9nager vos h\u00e9bergements pour l'occasion !","og_url":"https:\/\/www.swikly.com\/en\/vacation-rental\/2021\/10\/how-to-set-up-your-accommodation-for-winter\/","og_site_name":"Swikly","article_publisher":"https:\/\/www.facebook.com\/swikly\/","article_published_time":"2021-10-29T13:03:01+00:00","article_modified_time":"2024-11-18T16:58:44+00:00","og_image":[{"width":1920,"height":1280,"url":"https:\/\/swiklywpstorage.blob.core.windows.net\/wp-media\/2021\/10\/chalet.jpg","type":"image\/jpeg"}],"author":"Charles Jung","twitter_card":"summary_large_image","twitter_creator":"@swikly_company","twitter_site":"@swikly_company","twitter_misc":{"Written by":"Charles Jung","Estimated reading time":"4 minutes"},"schema":{"@context":"https:\/\/schema.org","@graph":[{"@type":"Article","@id":"https:\/\/www.swikly.com\/location-saisonniere\/2021\/10\/comment-amenager-votre-hebergement-pour-lhiver\/#article","isPartOf":{"@id":"https:\/\/www.swikly.com\/location-saisonniere\/2021\/10\/comment-amenager-votre-hebergement-pour-lhiver\/"},"author":{"name":"Charles Jung","@id":"https:\/\/www.swikly.com\/#\/schema\/person\/45bba15f3f1a85e94c2fd5730a6684c5"},"headline":"Comment am\u00e9nager votre h\u00e9bergement pour l&rsquo;hiver ?","datePublished":"2021-10-29T13:03:01+00:00","dateModified":"2024-11-18T16:58:44+00:00","mainEntityOfPage":{"@id":"https:\/\/www.swikly.com\/location-saisonniere\/2021\/10\/comment-amenager-votre-hebergement-pour-lhiver\/"},"wordCount":790,"publisher":{"@id":"https:\/\/www.swikly.com\/#organization"},"image":{"@id":"https:\/\/www.swikly.com\/location-saisonniere\/2021\/10\/comment-amenager-votre-hebergement-pour-lhiver\/#primaryimage"},"thumbnailUrl":"https:\/\/swiklywpstorage.blob.core.windows.net\/wp-media\/2021\/10\/chalet.jpg","keywords":["Am\u00e9nagement","Hiver","Occupation"],"articleSection":["Location saisonni\u00e8re"],"inLanguage":"en-GB"},{"@type":"WebPage","@id":"https:\/\/www.swikly.com\/location-saisonniere\/2021\/10\/comment-amenager-votre-hebergement-pour-lhiver\/","url":"https:\/\/www.swikly.com\/location-saisonniere\/2021\/10\/comment-amenager-votre-hebergement-pour-lhiver\/","name":"Comment am\u00e9nager votre h\u00e9bergement pour l'hiver ? - Swikly","isPartOf":{"@id":"https:\/\/www.swikly.com\/#website"},"primaryImageOfPage":{"@id":"https:\/\/www.swikly.com\/location-saisonniere\/2021\/10\/comment-amenager-votre-hebergement-pour-lhiver\/#primaryimage"},"image":{"@id":"https:\/\/www.swikly.com\/location-saisonniere\/2021\/10\/comment-amenager-votre-hebergement-pour-lhiver\/#primaryimage"},"thumbnailUrl":"https:\/\/swiklywpstorage.blob.core.windows.net\/wp-media\/2021\/10\/chalet.jpg","datePublished":"2021-10-29T13:03:01+00:00","dateModified":"2024-11-18T16:58:44+00:00","description":"Les vacances d'hiver approchent et il est temps d'am\u00e9nager vos h\u00e9bergements pour l'occasion !","breadcrumb":{"@id":"https:\/\/www.swikly.com\/location-saisonniere\/2021\/10\/comment-amenager-votre-hebergement-pour-lhiver\/#breadcrumb"},"inLanguage":"en-GB","potentialAction":[{"@type":"ReadAction","target":["https:\/\/www.swikly.com\/location-saisonniere\/2021\/10\/comment-amenager-votre-hebergement-pour-lhiver\/"]}]},{"@type":"ImageObject","inLanguage":"en-GB","@id":"https:\/\/www.swikly.com\/location-saisonniere\/2021\/10\/comment-amenager-votre-hebergement-pour-lhiver\/#primaryimage","url":"https:\/\/swiklywpstorage.blob.core.windows.net\/wp-media\/2021\/10\/chalet.jpg","contentUrl":"https:\/\/swiklywpstorage.blob.core.windows.net\/wp-media\/2021\/10\/chalet.jpg","width":1920,"height":1280,"caption":"Village de montagne"},{"@type":"BreadcrumbList","@id":"https:\/\/www.swikly.com\/location-saisonniere\/2021\/10\/comment-amenager-votre-hebergement-pour-lhiver\/#breadcrumb","itemListElement":[{"@type":"ListItem","position":1,"name":"Accueil","item":"https:\/\/www.swikly.com\/"},{"@type":"ListItem","position":2,"name":"Comment am\u00e9nager votre h\u00e9bergement pour l&rsquo;hiver ?"}]},{"@type":"WebSite","@id":"https:\/\/www.swikly.com\/#website","url":"https:\/\/www.swikly.com\/","name":"Swikly","description":"La solution pour vos cautions, en ligne !","publisher":{"@id":"https:\/\/www.swikly.com\/#organization"},"potentialAction":[{"@type":"SearchAction","target":{"@type":"EntryPoint","urlTemplate":"https:\/\/www.swikly.com\/?s={search_term_string}"},"query-input":{"@type":"PropertyValueSpecification","valueRequired":true,"valueName":"search_term_string"}}],"inLanguage":"en-GB"},{"@type":"Organization","@id":"https:\/\/www.swikly.com\/#organization","name":"Swikly","url":"https:\/\/www.swikly.com\/","logo":{"@type":"ImageObject","inLanguage":"en-GB","@id":"https:\/\/www.swikly.com\/#\/schema\/logo\/image\/","url":"https:\/\/www.swikly.com\/wp-content\/uploads\/2020\/02\/cropped-logo-swikly.png","contentUrl":"https:\/\/www.swikly.com\/wp-content\/uploads\/2020\/02\/cropped-logo-swikly.png","width":1574,"height":250,"caption":"Swikly"},"image":{"@id":"https:\/\/www.swikly.com\/#\/schema\/logo\/image\/"},"sameAs":["https:\/\/www.facebook.com\/swikly\/","https:\/\/x.com\/swikly_company","https:\/\/www.linkedin.com\/company\/swikly\/"]},{"@type":"Person","@id":"https:\/\/www.swikly.com\/#\/schema\/person\/45bba15f3f1a85e94c2fd5730a6684c5","name":"Charles Jung","image":{"@type":"ImageObject","inLanguage":"en-GB","@id":"https:\/\/www.swikly.com\/#\/schema\/person\/image\/","url":"https:\/\/secure.gravatar.com\/avatar\/4977c31bd12495b60a28c7e404695842?s=96&d=mm&r=g","contentUrl":"https:\/\/secure.gravatar.com\/avatar\/4977c31bd12495b60a28c7e404695842?s=96&d=mm&r=g","caption":"Charles Jung"},"url":"https:\/\/www.swikly.com\/en\/author\/charles-jung-ext\/"}]}},"_links":{"self":[{"href":"https:\/\/www.swikly.com\/en\/wp-json\/wp\/v2\/posts\/5440"}],"collection":[{"href":"https:\/\/www.swikly.com\/en\/wp-json\/wp\/v2\/posts"}],"about":[{"href":"https:\/\/www.swikly.com\/en\/wp-json\/wp\/v2\/types\/post"}],"author":[{"embeddable":true,"href":"https:\/\/www.swikly.com\/en\/wp-json\/wp\/v2\/users\/990018"}],"replies":[{"embeddable":true,"href":"https:\/\/www.swikly.com\/en\/wp-json\/wp\/v2\/comments?post=5440"}],"version-history":[{"count":10,"href":"https:\/\/www.swikly.com\/en\/wp-json\/wp\/v2\/posts\/5440\/revisions"}],"predecessor-version":[{"id":12123,"href":"https:\/\/www.swikly.com\/en\/wp-json\/wp\/v2\/posts\/5440\/revisions\/12123"}],"wp:featuredmedia":[{"embeddable":true,"href":"https:\/\/www.swikly.com\/en\/wp-json\/wp\/v2\/media\/5443"}],"wp:attachment":[{"href":"https:\/\/www.swikly.com\/en\/wp-json\/wp\/v2\/media?parent=5440"}],"wp:term":[{"taxonomy":"category","embeddable":true,"href":"https:\/\/www.swikly.com\/en\/wp-json\/wp\/v2\/categories?post=5440"},{"taxonomy":"post_tag","embeddable":true,"href":"https:\/\/www.swikly.com\/en\/wp-json\/wp\/v2\/tags?post=5440"}],"curies":[{"name":"wp","href":"https:\/\/api.w.org\/{rel}","templated":true}]}}