{"id":3920,"date":"2017-12-15T10:18:06","date_gmt":"2017-12-15T09:18:06","guid":{"rendered":"https:\/\/swikly.blog\/?p=1401"},"modified":"2021-06-16T10:14:04","modified_gmt":"2021-06-16T08:14:04","slug":"amivac-le-site-francais-de-location-saisonniere-entre-particuliers","status":"publish","type":"post","link":"https:\/\/www.swikly.com\/es\/alquier-de-vacaciones\/2017\/12\/amivac-el-sitio-de-temporada-de-alquiler-entre-privados\/","title":{"rendered":"Amivac : La web francesa de alquiler de temporada entre particulares"},"content":{"rendered":"<p>Vivimos en un mundo decididamente digital, donde casi <strong>50% de la poblaci\u00f3n est\u00e1 ahora conectada a Internet<\/strong>. Ya vimos en un art\u00edculo anterior que el mercado de alquiler de temporada no escap\u00f3 a esta revoluci\u00f3n digital. De hecho, la llegada de <strong>OTA<\/strong> (Agencia de viajes en l\u00ednea) ha sacudido fuertemente los h\u00e1bitos de los proveedores de alojamiento. Estas plataformas venden visibilidad en Internet gracias a los anuncios y a un buen posicionamiento en Google. Esta llegada se percibe como ventajosa, pero desgraciadamente tiene algunos inconvenientes: las comisiones son elevadas y los anfitriones no tienen libertad para gestionar el pago como desean.<\/p>\n\n\n\n<p>Hemos desenterrado un <strong>Sitio en franc\u00e9s<\/strong> que responde a estos problemas dejando a los propietarios total autonom\u00eda en su gesti\u00f3n. <strong><a href=\"http:\/\/www.amivac.com\">Amivac<\/a> est\u00e1 especializada en el alquiler de temporada entre particulares sin comisi\u00f3n<\/strong>.<\/p>\n\n\n\n<div style=\"height:50px\" aria-hidden=\"true\" class=\"wp-block-spacer\"><\/div>\n\n\n\n<h2 class=\"wp-block-heading\"><strong>Un sitio franc\u00e9s 100%<\/strong><\/h2>\n\n\n\n<p>A diferencia de la mayor\u00eda de los grandes grupos extranjeros, esta plataforma ha apostado por concentrar su <strong>panel de alquileres en Francia<\/strong>. En la actualidad, Amivac cuenta con casi <strong>30.000 anuncios<\/strong>con otros tantos alojamientos situados en los 4 rincones de Francia: Breta\u00f1a, Costa Azul, Costa Atl\u00e1ntica... Con un <strong>una oferta de alojamiento amplia y diversificada<\/strong> (villas, casas, apartamentos, casas rurales, habitaciones de hu\u00e9spedes, casas m\u00f3viles, barcazas, castillos, chalets...), Amivac se dirige a todo tipo de proveedores de alojamiento.<\/p>\n\n\n\n<p>Todo est\u00e1 pensado para que los veraneantes encuentren lo que buscan. De hecho, la plataforma les permite afinar su b\u00fasqueda seg\u00fan criterios espec\u00edficos; distancia al mar, pistas de esqu\u00ed, vistas al mar, al lago o al r\u00edo, piscina, acceso para discapacitados, admisi\u00f3n de animales de compa\u00f1\u00eda, bonos de vacaciones....<\/p>\n\n\n\n<div style=\"height:50px\" aria-hidden=\"true\" class=\"wp-block-spacer\"><\/div>\n\n\n\n<h2 class=\"wp-block-heading\"><strong>La experiencia del cliente es lo primero<\/strong><\/h2>\n\n\n\n<p>Los clientes que buscan la escapada vacacional perfecta pagan s\u00f3lo por lo mejor. <strong>sin comisi\u00f3n<\/strong> a trav\u00e9s de Amivac. Pueden ponerse en contacto con el propietario para intercambiar directamente con \u00e9l. Al no pasar por un intermediario, los veraneantes no pagan ninguna comisi\u00f3n y son libres de negociar directamente con el propietario para obtener un descuento en su alquiler. Por su parte, los propietarios de Amivac tienen la <strong>posibilidad de intercambiar con sus veraneantes<\/strong> y su <strong>proporcionar un valioso asesoramiento<\/strong>&nbsp;en la regi\u00f3n que se va a visitar. As\u00ed pues, el confort, la convivencia y la tranquilidad est\u00e1n a la orden del d\u00eda.<\/p>\n\n\n\n<div style=\"height:50px\" aria-hidden=\"true\" class=\"wp-block-spacer\"><\/div>\n\n\n\n<h2 class=\"wp-block-heading\"><strong>No m\u00e1s costes adicionales <\/strong><\/h2>\n\n\n\n<p>A diferencia de muchos sitios de anuncios, <strong>Los propietarios de Amivac son libres de gestionar el pago como deseen<\/strong>. En este sentido, Swikly y Amivac son dos servicios complementarios 100%.<\/p>\n\n\n\n<p>Los anfitriones de Amivac tienen la posibilidad de solicitar su <a href=\"https:\/\/www.swikly.com\/es\/?utm_source=swikool&amp;utm_medium=articleamivac&amp;utm_campaign=heb&amp;procode=\">dep\u00f3sitos y garant\u00edas en l\u00ednea con Swikly<\/a> con el fin de <strong>alquila con tranquilidad<\/strong>&nbsp;\u00a1! Swikly le permite asegurar todo tipo de alquileres sin las limitaciones de los cheques o las transferencias con total confianza. El importe de la fianza s\u00f3lo se cargar\u00e1 en caso de<strong>cancelaciones de \u00faltima hora<\/strong> o <strong>da\u00f1os a la propiedad\/material<\/strong>.<\/p>\n\n\n\n<p>Para saber m\u00e1s sobre Amivac, visite <a href=\"http:\/\/www.amivac.com\/\">www.amivac.com\/&nbsp;<\/a><\/p>","protected":false},"excerpt":{"rendered":"<p>Amivac cuenta ahora con casi 30.000 anuncios, es decir, otros tantos alojamientos situados en los 4 rincones de Francia: Breta\u00f1a, Costa Azul, Costa Atl\u00e1ntica ...<\/p>","protected":false},"author":990018,"featured_media":4656,"comment_status":"closed","ping_status":"closed","sticky":false,"template":"","format":"standard","meta":{"content-type":"","_mo_disable_npp":"","_monsterinsights_skip_tracking":false,"_monsterinsights_sitenote_active":false,"_monsterinsights_sitenote_note":"","_monsterinsights_sitenote_category":0,"footnotes":""},"categories":[95,278],"tags":[113,249,250,251,252,143,242],"class_list":["post-3920","post","type-post","status-publish","format-standard","has-post-thumbnail","hentry","category-location-saisonniere","category-partenaires","tag-acomptes-et-cautions-en-ligne","tag-annulations-de-dernieres-minutes","tag-degradations-de-bien","tag-location-en-france","tag-location-entre-particuliers","tag-location-saisonniere","tag-ota"],"yoast_head":"<!-- This site is optimized with the Yoast SEO plugin v24.6 - https:\/\/yoast.com\/wordpress\/plugins\/seo\/ -->\n<title>Amivac : Le site Fran\u00e7ais de location saisonni\u00e8re entre particuliers - Swikly<\/title>\n<meta name=\"robots\" content=\"index, follow, max-snippet:-1, max-image-preview:large, max-video-preview:-1\" \/>\n<link rel=\"canonical\" href=\"https:\/\/www.swikly.com\/es\/alquier-de-vacaciones\/2017\/12\/amivac-el-sitio-de-temporada-de-alquiler-entre-privados\/\" \/>\n<meta property=\"og:locale\" content=\"es_ES\" \/>\n<meta property=\"og:type\" content=\"article\" \/>\n<meta property=\"og:title\" content=\"Amivac : Le site Fran\u00e7ais de location saisonni\u00e8re entre particuliers - Swikly\" \/>\n<meta property=\"og:description\" content=\"Amivac compte aujourd\u2019hui pr\u00e8s de 30 000 annonces, soit autant d\u2019h\u00e9bergements situ\u00e9s dans les 4 coins de la France\u00a0: Bretagne, C\u00f4te d\u2019Azur, C\u00f4te Atlantique...\" \/>\n<meta property=\"og:url\" content=\"https:\/\/www.swikly.com\/es\/alquier-de-vacaciones\/2017\/12\/amivac-el-sitio-de-temporada-de-alquiler-entre-privados\/\" \/>\n<meta property=\"og:site_name\" content=\"Swikly\" \/>\n<meta property=\"article:publisher\" content=\"https:\/\/www.facebook.com\/swikly\/\" \/>\n<meta property=\"article:published_time\" content=\"2017-12-15T09:18:06+00:00\" \/>\n<meta property=\"article:modified_time\" content=\"2021-06-16T08:14:04+00:00\" \/>\n<meta property=\"og:image\" content=\"https:\/\/swiklywpstorage.blob.core.windows.net\/wp-media\/2017\/12\/pexels-andrea-davis-4617771.jpg\" \/>\n\t<meta property=\"og:image:width\" content=\"2000\" \/>\n\t<meta property=\"og:image:height\" content=\"1333\" \/>\n\t<meta property=\"og:image:type\" content=\"image\/jpeg\" \/>\n<meta name=\"author\" content=\"Charles Jung\" \/>\n<meta name=\"twitter:card\" content=\"summary_large_image\" \/>\n<meta name=\"twitter:creator\" content=\"@swikly_company\" \/>\n<meta name=\"twitter:site\" content=\"@swikly_company\" \/>\n<meta name=\"twitter:label1\" content=\"Escrito por\" \/>\n\t<meta name=\"twitter:data1\" content=\"Charles Jung\" \/>\n\t<meta name=\"twitter:label2\" content=\"Tiempo de lectura\" \/>\n\t<meta name=\"twitter:data2\" content=\"3 minutos\" \/>\n<script type=\"application\/ld+json\" class=\"yoast-schema-graph\">{\"@context\":\"https:\/\/schema.org\",\"@graph\":[{\"@type\":\"Article\",\"@id\":\"https:\/\/www.swikly.com\/location-saisonniere\/2017\/12\/amivac-le-site-francais-de-location-saisonniere-entre-particuliers\/#article\",\"isPartOf\":{\"@id\":\"https:\/\/www.swikly.com\/location-saisonniere\/2017\/12\/amivac-le-site-francais-de-location-saisonniere-entre-particuliers\/\"},\"author\":{\"name\":\"Charles Jung\",\"@id\":\"https:\/\/www.swikly.com\/#\/schema\/person\/45bba15f3f1a85e94c2fd5730a6684c5\"},\"headline\":\"Amivac : Le site Fran\u00e7ais de location saisonni\u00e8re entre particuliers\",\"datePublished\":\"2017-12-15T09:18:06+00:00\",\"dateModified\":\"2021-06-16T08:14:04+00:00\",\"mainEntityOfPage\":{\"@id\":\"https:\/\/www.swikly.com\/location-saisonniere\/2017\/12\/amivac-le-site-francais-de-location-saisonniere-entre-particuliers\/\"},\"wordCount\":556,\"publisher\":{\"@id\":\"https:\/\/www.swikly.com\/#organization\"},\"image\":{\"@id\":\"https:\/\/www.swikly.com\/location-saisonniere\/2017\/12\/amivac-le-site-francais-de-location-saisonniere-entre-particuliers\/#primaryimage\"},\"thumbnailUrl\":\"https:\/\/swiklywpstorage.blob.core.windows.net\/wp-media\/2017\/12\/pexels-andrea-davis-4617771.jpg\",\"keywords\":[\"acomptes et cautions en ligne\",\"annulations de derni\u00e8res minutes\",\"d\u00e9gradations de bien\",\"location en France\",\"location entre particuliers\",\"location saisonni\u00e8re\",\"OTA\"],\"articleSection\":[\"Location saisonni\u00e8re\",\"Partenaires\"],\"inLanguage\":\"es\"},{\"@type\":\"WebPage\",\"@id\":\"https:\/\/www.swikly.com\/location-saisonniere\/2017\/12\/amivac-le-site-francais-de-location-saisonniere-entre-particuliers\/\",\"url\":\"https:\/\/www.swikly.com\/location-saisonniere\/2017\/12\/amivac-le-site-francais-de-location-saisonniere-entre-particuliers\/\",\"name\":\"Amivac : Le site Fran\u00e7ais de location saisonni\u00e8re entre particuliers - Swikly\",\"isPartOf\":{\"@id\":\"https:\/\/www.swikly.com\/#website\"},\"primaryImageOfPage\":{\"@id\":\"https:\/\/www.swikly.com\/location-saisonniere\/2017\/12\/amivac-le-site-francais-de-location-saisonniere-entre-particuliers\/#primaryimage\"},\"image\":{\"@id\":\"https:\/\/www.swikly.com\/location-saisonniere\/2017\/12\/amivac-le-site-francais-de-location-saisonniere-entre-particuliers\/#primaryimage\"},\"thumbnailUrl\":\"https:\/\/swiklywpstorage.blob.core.windows.net\/wp-media\/2017\/12\/pexels-andrea-davis-4617771.jpg\",\"datePublished\":\"2017-12-15T09:18:06+00:00\",\"dateModified\":\"2021-06-16T08:14:04+00:00\",\"breadcrumb\":{\"@id\":\"https:\/\/www.swikly.com\/location-saisonniere\/2017\/12\/amivac-le-site-francais-de-location-saisonniere-entre-particuliers\/#breadcrumb\"},\"inLanguage\":\"es\",\"potentialAction\":[{\"@type\":\"ReadAction\",\"target\":[\"https:\/\/www.swikly.com\/location-saisonniere\/2017\/12\/amivac-le-site-francais-de-location-saisonniere-entre-particuliers\/\"]}]},{\"@type\":\"ImageObject\",\"inLanguage\":\"es\",\"@id\":\"https:\/\/www.swikly.com\/location-saisonniere\/2017\/12\/amivac-le-site-francais-de-location-saisonniere-entre-particuliers\/#primaryimage\",\"url\":\"https:\/\/swiklywpstorage.blob.core.windows.net\/wp-media\/2017\/12\/pexels-andrea-davis-4617771.jpg\",\"contentUrl\":\"https:\/\/swiklywpstorage.blob.core.windows.net\/wp-media\/2017\/12\/pexels-andrea-davis-4617771.jpg\",\"width\":2000,\"height\":1333,\"caption\":\"Location saisonni\u00e8re\"},{\"@type\":\"BreadcrumbList\",\"@id\":\"https:\/\/www.swikly.com\/location-saisonniere\/2017\/12\/amivac-le-site-francais-de-location-saisonniere-entre-particuliers\/#breadcrumb\",\"itemListElement\":[{\"@type\":\"ListItem\",\"position\":1,\"name\":\"Accueil\",\"item\":\"https:\/\/www.swikly.com\/\"},{\"@type\":\"ListItem\",\"position\":2,\"name\":\"Amivac : Le site Fran\u00e7ais de location saisonni\u00e8re entre particuliers\"}]},{\"@type\":\"WebSite\",\"@id\":\"https:\/\/www.swikly.com\/#website\",\"url\":\"https:\/\/www.swikly.com\/\",\"name\":\"Swikly\",\"description\":\"La solution pour vos cautions, en ligne !\",\"publisher\":{\"@id\":\"https:\/\/www.swikly.com\/#organization\"},\"potentialAction\":[{\"@type\":\"SearchAction\",\"target\":{\"@type\":\"EntryPoint\",\"urlTemplate\":\"https:\/\/www.swikly.com\/?s={search_term_string}\"},\"query-input\":{\"@type\":\"PropertyValueSpecification\",\"valueRequired\":true,\"valueName\":\"search_term_string\"}}],\"inLanguage\":\"es\"},{\"@type\":\"Organization\",\"@id\":\"https:\/\/www.swikly.com\/#organization\",\"name\":\"Swikly\",\"url\":\"https:\/\/www.swikly.com\/\",\"logo\":{\"@type\":\"ImageObject\",\"inLanguage\":\"es\",\"@id\":\"https:\/\/www.swikly.com\/#\/schema\/logo\/image\/\",\"url\":\"https:\/\/www.swikly.com\/wp-content\/uploads\/2020\/02\/cropped-logo-swikly.png\",\"contentUrl\":\"https:\/\/www.swikly.com\/wp-content\/uploads\/2020\/02\/cropped-logo-swikly.png\",\"width\":1574,\"height\":250,\"caption\":\"Swikly\"},\"image\":{\"@id\":\"https:\/\/www.swikly.com\/#\/schema\/logo\/image\/\"},\"sameAs\":[\"https:\/\/www.facebook.com\/swikly\/\",\"https:\/\/x.com\/swikly_company\",\"https:\/\/www.linkedin.com\/company\/swikly\/\"]},{\"@type\":\"Person\",\"@id\":\"https:\/\/www.swikly.com\/#\/schema\/person\/45bba15f3f1a85e94c2fd5730a6684c5\",\"name\":\"Charles Jung\",\"image\":{\"@type\":\"ImageObject\",\"inLanguage\":\"es\",\"@id\":\"https:\/\/www.swikly.com\/#\/schema\/person\/image\/\",\"url\":\"https:\/\/secure.gravatar.com\/avatar\/4977c31bd12495b60a28c7e404695842?s=96&d=mm&r=g\",\"contentUrl\":\"https:\/\/secure.gravatar.com\/avatar\/4977c31bd12495b60a28c7e404695842?s=96&d=mm&r=g\",\"caption\":\"Charles Jung\"},\"url\":\"https:\/\/www.swikly.com\/es\/author\/charles-jung-ext\/\"}]}<\/script>\n<!-- \/ Yoast SEO plugin. -->","yoast_head_json":{"title":"Amivac : Le site Fran\u00e7ais de location saisonni\u00e8re entre particuliers - Swikly","robots":{"index":"index","follow":"follow","max-snippet":"max-snippet:-1","max-image-preview":"max-image-preview:large","max-video-preview":"max-video-preview:-1"},"canonical":"https:\/\/www.swikly.com\/es\/alquier-de-vacaciones\/2017\/12\/amivac-el-sitio-de-temporada-de-alquiler-entre-privados\/","og_locale":"es_ES","og_type":"article","og_title":"Amivac : Le site Fran\u00e7ais de location saisonni\u00e8re entre particuliers - Swikly","og_description":"Amivac compte aujourd\u2019hui pr\u00e8s de 30 000 annonces, soit autant d\u2019h\u00e9bergements situ\u00e9s dans les 4 coins de la France\u00a0: Bretagne, C\u00f4te d\u2019Azur, C\u00f4te Atlantique...","og_url":"https:\/\/www.swikly.com\/es\/alquier-de-vacaciones\/2017\/12\/amivac-el-sitio-de-temporada-de-alquiler-entre-privados\/","og_site_name":"Swikly","article_publisher":"https:\/\/www.facebook.com\/swikly\/","article_published_time":"2017-12-15T09:18:06+00:00","article_modified_time":"2021-06-16T08:14:04+00:00","og_image":[{"width":2000,"height":1333,"url":"https:\/\/swiklywpstorage.blob.core.windows.net\/wp-media\/2017\/12\/pexels-andrea-davis-4617771.jpg","type":"image\/jpeg"}],"author":"Charles Jung","twitter_card":"summary_large_image","twitter_creator":"@swikly_company","twitter_site":"@swikly_company","twitter_misc":{"Escrito por":"Charles Jung","Tiempo de lectura":"3 minutos"},"schema":{"@context":"https:\/\/schema.org","@graph":[{"@type":"Article","@id":"https:\/\/www.swikly.com\/location-saisonniere\/2017\/12\/amivac-le-site-francais-de-location-saisonniere-entre-particuliers\/#article","isPartOf":{"@id":"https:\/\/www.swikly.com\/location-saisonniere\/2017\/12\/amivac-le-site-francais-de-location-saisonniere-entre-particuliers\/"},"author":{"name":"Charles Jung","@id":"https:\/\/www.swikly.com\/#\/schema\/person\/45bba15f3f1a85e94c2fd5730a6684c5"},"headline":"Amivac : Le site Fran\u00e7ais de location saisonni\u00e8re entre particuliers","datePublished":"2017-12-15T09:18:06+00:00","dateModified":"2021-06-16T08:14:04+00:00","mainEntityOfPage":{"@id":"https:\/\/www.swikly.com\/location-saisonniere\/2017\/12\/amivac-le-site-francais-de-location-saisonniere-entre-particuliers\/"},"wordCount":556,"publisher":{"@id":"https:\/\/www.swikly.com\/#organization"},"image":{"@id":"https:\/\/www.swikly.com\/location-saisonniere\/2017\/12\/amivac-le-site-francais-de-location-saisonniere-entre-particuliers\/#primaryimage"},"thumbnailUrl":"https:\/\/swiklywpstorage.blob.core.windows.net\/wp-media\/2017\/12\/pexels-andrea-davis-4617771.jpg","keywords":["acomptes et cautions en ligne","annulations de derni\u00e8res minutes","d\u00e9gradations de bien","location en France","location entre particuliers","location saisonni\u00e8re","OTA"],"articleSection":["Location saisonni\u00e8re","Partenaires"],"inLanguage":"es"},{"@type":"WebPage","@id":"https:\/\/www.swikly.com\/location-saisonniere\/2017\/12\/amivac-le-site-francais-de-location-saisonniere-entre-particuliers\/","url":"https:\/\/www.swikly.com\/location-saisonniere\/2017\/12\/amivac-le-site-francais-de-location-saisonniere-entre-particuliers\/","name":"Amivac : Le site Fran\u00e7ais de location saisonni\u00e8re entre particuliers - Swikly","isPartOf":{"@id":"https:\/\/www.swikly.com\/#website"},"primaryImageOfPage":{"@id":"https:\/\/www.swikly.com\/location-saisonniere\/2017\/12\/amivac-le-site-francais-de-location-saisonniere-entre-particuliers\/#primaryimage"},"image":{"@id":"https:\/\/www.swikly.com\/location-saisonniere\/2017\/12\/amivac-le-site-francais-de-location-saisonniere-entre-particuliers\/#primaryimage"},"thumbnailUrl":"https:\/\/swiklywpstorage.blob.core.windows.net\/wp-media\/2017\/12\/pexels-andrea-davis-4617771.jpg","datePublished":"2017-12-15T09:18:06+00:00","dateModified":"2021-06-16T08:14:04+00:00","breadcrumb":{"@id":"https:\/\/www.swikly.com\/location-saisonniere\/2017\/12\/amivac-le-site-francais-de-location-saisonniere-entre-particuliers\/#breadcrumb"},"inLanguage":"es","potentialAction":[{"@type":"ReadAction","target":["https:\/\/www.swikly.com\/location-saisonniere\/2017\/12\/amivac-le-site-francais-de-location-saisonniere-entre-particuliers\/"]}]},{"@type":"ImageObject","inLanguage":"es","@id":"https:\/\/www.swikly.com\/location-saisonniere\/2017\/12\/amivac-le-site-francais-de-location-saisonniere-entre-particuliers\/#primaryimage","url":"https:\/\/swiklywpstorage.blob.core.windows.net\/wp-media\/2017\/12\/pexels-andrea-davis-4617771.jpg","contentUrl":"https:\/\/swiklywpstorage.blob.core.windows.net\/wp-media\/2017\/12\/pexels-andrea-davis-4617771.jpg","width":2000,"height":1333,"caption":"Location saisonni\u00e8re"},{"@type":"BreadcrumbList","@id":"https:\/\/www.swikly.com\/location-saisonniere\/2017\/12\/amivac-le-site-francais-de-location-saisonniere-entre-particuliers\/#breadcrumb","itemListElement":[{"@type":"ListItem","position":1,"name":"Accueil","item":"https:\/\/www.swikly.com\/"},{"@type":"ListItem","position":2,"name":"Amivac : Le site Fran\u00e7ais de location saisonni\u00e8re entre particuliers"}]},{"@type":"WebSite","@id":"https:\/\/www.swikly.com\/#website","url":"https:\/\/www.swikly.com\/","name":"Swikly","description":"La solution pour vos cautions, en ligne !","publisher":{"@id":"https:\/\/www.swikly.com\/#organization"},"potentialAction":[{"@type":"SearchAction","target":{"@type":"EntryPoint","urlTemplate":"https:\/\/www.swikly.com\/?s={search_term_string}"},"query-input":{"@type":"PropertyValueSpecification","valueRequired":true,"valueName":"search_term_string"}}],"inLanguage":"es"},{"@type":"Organization","@id":"https:\/\/www.swikly.com\/#organization","name":"Swikly","url":"https:\/\/www.swikly.com\/","logo":{"@type":"ImageObject","inLanguage":"es","@id":"https:\/\/www.swikly.com\/#\/schema\/logo\/image\/","url":"https:\/\/www.swikly.com\/wp-content\/uploads\/2020\/02\/cropped-logo-swikly.png","contentUrl":"https:\/\/www.swikly.com\/wp-content\/uploads\/2020\/02\/cropped-logo-swikly.png","width":1574,"height":250,"caption":"Swikly"},"image":{"@id":"https:\/\/www.swikly.com\/#\/schema\/logo\/image\/"},"sameAs":["https:\/\/www.facebook.com\/swikly\/","https:\/\/x.com\/swikly_company","https:\/\/www.linkedin.com\/company\/swikly\/"]},{"@type":"Person","@id":"https:\/\/www.swikly.com\/#\/schema\/person\/45bba15f3f1a85e94c2fd5730a6684c5","name":"Charles Jung","image":{"@type":"ImageObject","inLanguage":"es","@id":"https:\/\/www.swikly.com\/#\/schema\/person\/image\/","url":"https:\/\/secure.gravatar.com\/avatar\/4977c31bd12495b60a28c7e404695842?s=96&d=mm&r=g","contentUrl":"https:\/\/secure.gravatar.com\/avatar\/4977c31bd12495b60a28c7e404695842?s=96&d=mm&r=g","caption":"Charles Jung"},"url":"https:\/\/www.swikly.com\/es\/author\/charles-jung-ext\/"}]}},"_links":{"self":[{"href":"https:\/\/www.swikly.com\/es\/wp-json\/wp\/v2\/posts\/3920"}],"collection":[{"href":"https:\/\/www.swikly.com\/es\/wp-json\/wp\/v2\/posts"}],"about":[{"href":"https:\/\/www.swikly.com\/es\/wp-json\/wp\/v2\/types\/post"}],"author":[{"embeddable":true,"href":"https:\/\/www.swikly.com\/es\/wp-json\/wp\/v2\/users\/990018"}],"replies":[{"embeddable":true,"href":"https:\/\/www.swikly.com\/es\/wp-json\/wp\/v2\/comments?post=3920"}],"version-history":[{"count":4,"href":"https:\/\/www.swikly.com\/es\/wp-json\/wp\/v2\/posts\/3920\/revisions"}],"predecessor-version":[{"id":5141,"href":"https:\/\/www.swikly.com\/es\/wp-json\/wp\/v2\/posts\/3920\/revisions\/5141"}],"wp:featuredmedia":[{"embeddable":true,"href":"https:\/\/www.swikly.com\/es\/wp-json\/wp\/v2\/media\/4656"}],"wp:attachment":[{"href":"https:\/\/www.swikly.com\/es\/wp-json\/wp\/v2\/media?parent=3920"}],"wp:term":[{"taxonomy":"category","embeddable":true,"href":"https:\/\/www.swikly.com\/es\/wp-json\/wp\/v2\/categories?post=3920"},{"taxonomy":"post_tag","embeddable":true,"href":"https:\/\/www.swikly.com\/es\/wp-json\/wp\/v2\/tags?post=3920"}],"curies":[{"name":"wp","href":"https:\/\/api.w.org\/{rel}","templated":true}]}}