{"id":401,"date":"2017-01-04T20:54:32","date_gmt":"2017-01-04T19:54:32","guid":{"rendered":"https:\/\/swikly.blog\/?p=401"},"modified":"2021-06-16T12:03:37","modified_gmt":"2021-06-16T10:03:37","slug":"guest-blogueur-pierre-de-eldorado-immobilier","status":"publish","type":"post","link":"https:\/\/www.swikly.com\/es\/alquier-de-vacaciones\/2017\/01\/guest-blogger-pierre-de-eldorado-real-estate\/","title":{"rendered":"Propietarios de alquileres vacacionales: \u00bfest\u00e1 su alojamiento en Facebook?"},"content":{"rendered":"<div style=\"height:50px\" aria-hidden=\"true\" class=\"wp-block-spacer\"><\/div>\n\n\n\n<h2 class=\"wp-block-heading\"><strong>Propietarios de alquileres vacacionales: \u00bfest\u00e1 su alojamiento en Facebook?<\/strong><\/h2>\n\n\n\n<p><strong>Las redes sociales se han convertido en un enorme vector de comunicaci\u00f3n, ser\u00eda una pena no aprovecharlas para conseguir m\u00e1s reservas...<\/strong><\/p>\n\n\n\n<div style=\"height:50px\" aria-hidden=\"true\" class=\"wp-block-spacer\"><\/div>\n\n\n\n<h2 class=\"wp-block-heading\"><strong>\u00bfEst\u00e1n presentes sus anuncios de alquiler en<\/strong><strong> Facebo<\/strong><strong>ok<\/strong><strong>&nbsp;?<\/strong><\/h2>\n\n\n\n<p>Si la respuesta a la pregunta anterior es negativa, es posible que est\u00e9 perdiendo grandes oportunidades de contactar y convertir a posibles nuevos inquilinos para su casa rural.<\/p>\n\n\n\n<p>Esperamos que despu\u00e9s de leer este art\u00edculo, comprenda la enorme importancia de la mayor red social del mundo para la <strong>promoci\u00f3n de su alojamiento a corto plazo, y para alquilar m\u00e1s.<\/strong><\/p>\n\n\n\n<div style=\"height:50px\" aria-hidden=\"true\" class=\"wp-block-spacer\"><\/div>\n\n\n\n<h2 class=\"wp-block-heading\"><strong>\u00bfPor qu\u00e9 los propietarios de B&amp;B necesitan Facebook?<\/strong><\/h2>\n\n\n\n<p>Porque Facebook es <strong>enorme&nbsp;<\/strong>!<\/p>\n\n\n\n<p>M\u00e1s de mil millones de usuarios diarios.<\/p>\n\n\n\n<p>Si eso no es enorme... realmente no es una exageraci\u00f3n.<\/p>\n\n\n\n<p>Y m\u00e1s all\u00e1 del n\u00famero de usuarios, <strong>todas las marcas reconocen que su presencia en Facebook ha aumentado sus ventas<\/strong>.<\/p>\n\n\n\n<div style=\"height:50px\" aria-hidden=\"true\" class=\"wp-block-spacer\"><\/div>\n\n\n\n<h2 class=\"wp-block-heading\"><strong>\u00bfCu\u00e1les son las 10 maneras de impulsar tu negocio de B&amp;B a trav\u00e9s de Facebook?<\/strong><\/h2>\n\n\n\n<ul class=\"wp-block-list\"><li>Puede aumentar su exposici\u00f3n, su <strong>visibilidad <\/strong>por m\u00faltiples inquilinos potenciales. Pero tambi\u00e9n mant\u00e9n el contacto con los que ya se han quedado contigo<\/li><li>Puede aumentar significativamente la <strong>credibilidad de su alquiler de vacaciones<\/strong>. \u00bfC\u00f3mo se hace? Simplemente creando un perfil. Los estudios demuestran que 82% de los clientes conf\u00edan en una marca que est\u00e1 presente en las redes sociales<\/li><li>Puedes utilizar Facebook messenger para <strong>comunicar en directo <\/strong>con todos sus prospectos<\/li><li>Puedes aumentar la proporci\u00f3n de personas interesadas en tu alquiler habilitando una opci\u00f3n de Facebook. Se trata de pedir a la gente que compruebe el <strong>zonas geogr\u00e1ficas<\/strong> de inter\u00e9s para ellos<\/li><li>Puedes utilizar las p\u00e1ginas de fans o de empresa para <strong>informar a sus anteriores inquilinos de las novedades de su casa rural&nbsp;<\/strong>promociones, nuevos equipos, periodos valle con tarifas interesantes, asociaciones...<\/li><li>Puede obtener m\u00e1s opiniones de las personas que ya se han alojado en su alojamiento mostr\u00e1ndoles <strong>fotos y v\u00eddeos de lugares interesantes de la zona<\/strong> y hacer que quieran descubrirlas. Por lo tanto, no querr\u00e1n volver a su casa.<\/li><li>Puedes <strong>desarrollar una comunidad <\/strong>de fans pidiendo a sus anteriores inquilinos que compartan su experiencia. Una vez que tenga algunos comentarios positivos, puede establecer encuestas y seguimientos autom\u00e1ticos para obtener a\u00fan m\u00e1s comentarios (\u00a1positivos!).<\/li><li>Puede utilizar el <strong>Anuncios de pago en Facebook <\/strong>para llegar a una clientela muy selectiva en t\u00e9rminos demogr\u00e1ficos y geogr\u00e1ficos. De este modo, s\u00f3lo se dirige a los clientes t\u00edpicos que desean alojarse en su alquiler de vacaciones<\/li><li>Puede utilizar <strong>herramientas de seguimiento<\/strong> como las cookies para recordar a los viajeros que han visitado su sitio pero no han reservado. De este modo, podr\u00e1s recordarles que eres una gran opci\u00f3n para su estancia.<\/li><li>Quiz\u00e1s lo m\u00e1s importante de todo: puedes<strong> enviar tr\u00e1fico al sitio web de su casa rural<\/strong>\u00a1! Para ello, comparte contenidos que redirijan a tu web y tendr\u00e1s muchas m\u00e1s posibilidades de convertir estas visitas en clientes reales que te reserven alguna noche<\/li><\/ul>\n\n\n\n<p>Como puedes ver, las aplicaciones de Facebook para tu alquiler vacacional son m\u00faltiples y potentes.<\/p>\n\n\n\n<p>\u00bfHas probado ya el poder de Facebook para promocionar tu negocio? \u00bfO vas a empezar pronto?<\/p>\n\n\n\n<p>D\u00e9 su opini\u00f3n y sus reacciones en los comentarios a continuaci\u00f3n.<\/p>\n\n\n\n<p><em><a href=\"http:\/\/eldorado-immobilier.com\/\" target=\"_blank\" rel=\"noopener\">Inmobiliaria Pierre d'Eldorado<\/a><\/em><\/p>","protected":false},"excerpt":{"rendered":"<p>Pierre, de Eldorado Immo, est\u00e1 invitado en el blog de SWIKOOL y le ofrece un art\u00edculo exclusivo dedicado al uso de Facebook para los propietarios.<\/p>","protected":false},"author":990018,"featured_media":4756,"comment_status":"closed","ping_status":"closed","sticky":false,"template":"","format":"standard","meta":{"content-type":"","_mo_disable_npp":"","_monsterinsights_skip_tracking":false,"_monsterinsights_sitenote_active":false,"_monsterinsights_sitenote_note":"","_monsterinsights_sitenote_category":0,"footnotes":""},"categories":[95],"tags":[184,143,185],"class_list":["post-401","post","type-post","status-publish","format-standard","has-post-thumbnail","hentry","category-location-saisonniere","tag-gites","tag-location-saisonniere","tag-proprietaires"],"yoast_head":"<!-- This site is optimized with the Yoast SEO plugin v24.6 - https:\/\/yoast.com\/wordpress\/plugins\/seo\/ -->\n<title>Propri\u00e9taires de location saisonni\u00e8re : votre h\u00e9bergement est-il sur Facebook ? - Swikly<\/title>\n<meta name=\"robots\" content=\"index, follow, max-snippet:-1, max-image-preview:large, max-video-preview:-1\" \/>\n<link rel=\"canonical\" href=\"https:\/\/www.swikly.com\/es\/alquier-de-vacaciones\/2017\/01\/guest-blogger-pierre-de-eldorado-real-estate\/\" \/>\n<meta property=\"og:locale\" content=\"es_ES\" \/>\n<meta property=\"og:type\" content=\"article\" \/>\n<meta property=\"og:title\" content=\"Propri\u00e9taires de location saisonni\u00e8re : votre h\u00e9bergement est-il sur Facebook ? - Swikly\" \/>\n<meta property=\"og:description\" content=\"Pierre de Eldorado Immo est invit\u00e9 sur le blog SWIKOOL et vous propose en exclusivit\u00e9 un article d\u00e9di\u00e9 \u00e0 l&#039;utilisation de Facebook pour les propri\u00e9taires !\" \/>\n<meta property=\"og:url\" content=\"https:\/\/www.swikly.com\/es\/alquier-de-vacaciones\/2017\/01\/guest-blogger-pierre-de-eldorado-real-estate\/\" \/>\n<meta property=\"og:site_name\" content=\"Swikly\" \/>\n<meta property=\"article:publisher\" content=\"https:\/\/www.facebook.com\/swikly\/\" \/>\n<meta property=\"article:published_time\" content=\"2017-01-04T19:54:32+00:00\" \/>\n<meta property=\"article:modified_time\" content=\"2021-06-16T10:03:37+00:00\" \/>\n<meta property=\"og:image\" content=\"https:\/\/swiklywpstorage.blob.core.windows.net\/wp-media\/2017\/01\/pexels-kaboompics-com-6168.jpg\" \/>\n\t<meta property=\"og:image:width\" content=\"2000\" \/>\n\t<meta property=\"og:image:height\" content=\"1333\" \/>\n\t<meta property=\"og:image:type\" content=\"image\/jpeg\" \/>\n<meta name=\"author\" content=\"Charles Jung\" \/>\n<meta name=\"twitter:card\" content=\"summary_large_image\" \/>\n<meta name=\"twitter:creator\" content=\"@swikly_company\" \/>\n<meta name=\"twitter:site\" content=\"@swikly_company\" \/>\n<meta name=\"twitter:label1\" content=\"Escrito por\" \/>\n\t<meta name=\"twitter:data1\" content=\"Charles Jung\" \/>\n\t<meta name=\"twitter:label2\" content=\"Tiempo de lectura\" \/>\n\t<meta name=\"twitter:data2\" content=\"3 minutos\" \/>\n<script type=\"application\/ld+json\" class=\"yoast-schema-graph\">{\"@context\":\"https:\/\/schema.org\",\"@graph\":[{\"@type\":\"Article\",\"@id\":\"https:\/\/www.swikly.com\/location-saisonniere\/2017\/01\/guest-blogueur-pierre-de-eldorado-immobilier\/#article\",\"isPartOf\":{\"@id\":\"https:\/\/www.swikly.com\/location-saisonniere\/2017\/01\/guest-blogueur-pierre-de-eldorado-immobilier\/\"},\"author\":{\"name\":\"Charles Jung\",\"@id\":\"https:\/\/www.swikly.com\/#\/schema\/person\/45bba15f3f1a85e94c2fd5730a6684c5\"},\"headline\":\"Propri\u00e9taires de location saisonni\u00e8re : votre h\u00e9bergement est-il sur Facebook ?\",\"datePublished\":\"2017-01-04T19:54:32+00:00\",\"dateModified\":\"2021-06-16T10:03:37+00:00\",\"mainEntityOfPage\":{\"@id\":\"https:\/\/www.swikly.com\/location-saisonniere\/2017\/01\/guest-blogueur-pierre-de-eldorado-immobilier\/\"},\"wordCount\":646,\"publisher\":{\"@id\":\"https:\/\/www.swikly.com\/#organization\"},\"image\":{\"@id\":\"https:\/\/www.swikly.com\/location-saisonniere\/2017\/01\/guest-blogueur-pierre-de-eldorado-immobilier\/#primaryimage\"},\"thumbnailUrl\":\"https:\/\/swiklywpstorage.blob.core.windows.net\/wp-media\/2017\/01\/pexels-kaboompics-com-6168.jpg\",\"keywords\":[\"g\u00eetes\",\"location saisonni\u00e8re\",\"propri\u00e9taires\"],\"articleSection\":[\"Location saisonni\u00e8re\"],\"inLanguage\":\"es\"},{\"@type\":\"WebPage\",\"@id\":\"https:\/\/www.swikly.com\/location-saisonniere\/2017\/01\/guest-blogueur-pierre-de-eldorado-immobilier\/\",\"url\":\"https:\/\/www.swikly.com\/location-saisonniere\/2017\/01\/guest-blogueur-pierre-de-eldorado-immobilier\/\",\"name\":\"Propri\u00e9taires de location saisonni\u00e8re : votre h\u00e9bergement est-il sur Facebook ? - Swikly\",\"isPartOf\":{\"@id\":\"https:\/\/www.swikly.com\/#website\"},\"primaryImageOfPage\":{\"@id\":\"https:\/\/www.swikly.com\/location-saisonniere\/2017\/01\/guest-blogueur-pierre-de-eldorado-immobilier\/#primaryimage\"},\"image\":{\"@id\":\"https:\/\/www.swikly.com\/location-saisonniere\/2017\/01\/guest-blogueur-pierre-de-eldorado-immobilier\/#primaryimage\"},\"thumbnailUrl\":\"https:\/\/swiklywpstorage.blob.core.windows.net\/wp-media\/2017\/01\/pexels-kaboompics-com-6168.jpg\",\"datePublished\":\"2017-01-04T19:54:32+00:00\",\"dateModified\":\"2021-06-16T10:03:37+00:00\",\"breadcrumb\":{\"@id\":\"https:\/\/www.swikly.com\/location-saisonniere\/2017\/01\/guest-blogueur-pierre-de-eldorado-immobilier\/#breadcrumb\"},\"inLanguage\":\"es\",\"potentialAction\":[{\"@type\":\"ReadAction\",\"target\":[\"https:\/\/www.swikly.com\/location-saisonniere\/2017\/01\/guest-blogueur-pierre-de-eldorado-immobilier\/\"]}]},{\"@type\":\"ImageObject\",\"inLanguage\":\"es\",\"@id\":\"https:\/\/www.swikly.com\/location-saisonniere\/2017\/01\/guest-blogueur-pierre-de-eldorado-immobilier\/#primaryimage\",\"url\":\"https:\/\/swiklywpstorage.blob.core.windows.net\/wp-media\/2017\/01\/pexels-kaboompics-com-6168.jpg\",\"contentUrl\":\"https:\/\/swiklywpstorage.blob.core.windows.net\/wp-media\/2017\/01\/pexels-kaboompics-com-6168.jpg\",\"width\":2000,\"height\":1333,\"caption\":\"Facebook\"},{\"@type\":\"BreadcrumbList\",\"@id\":\"https:\/\/www.swikly.com\/location-saisonniere\/2017\/01\/guest-blogueur-pierre-de-eldorado-immobilier\/#breadcrumb\",\"itemListElement\":[{\"@type\":\"ListItem\",\"position\":1,\"name\":\"Accueil\",\"item\":\"https:\/\/www.swikly.com\/\"},{\"@type\":\"ListItem\",\"position\":2,\"name\":\"Propri\u00e9taires de location saisonni\u00e8re : votre h\u00e9bergement est-il sur Facebook ?\"}]},{\"@type\":\"WebSite\",\"@id\":\"https:\/\/www.swikly.com\/#website\",\"url\":\"https:\/\/www.swikly.com\/\",\"name\":\"Swikly\",\"description\":\"La solution pour vos cautions, en ligne !\",\"publisher\":{\"@id\":\"https:\/\/www.swikly.com\/#organization\"},\"potentialAction\":[{\"@type\":\"SearchAction\",\"target\":{\"@type\":\"EntryPoint\",\"urlTemplate\":\"https:\/\/www.swikly.com\/?s={search_term_string}\"},\"query-input\":{\"@type\":\"PropertyValueSpecification\",\"valueRequired\":true,\"valueName\":\"search_term_string\"}}],\"inLanguage\":\"es\"},{\"@type\":\"Organization\",\"@id\":\"https:\/\/www.swikly.com\/#organization\",\"name\":\"Swikly\",\"url\":\"https:\/\/www.swikly.com\/\",\"logo\":{\"@type\":\"ImageObject\",\"inLanguage\":\"es\",\"@id\":\"https:\/\/www.swikly.com\/#\/schema\/logo\/image\/\",\"url\":\"https:\/\/www.swikly.com\/wp-content\/uploads\/2020\/02\/cropped-logo-swikly.png\",\"contentUrl\":\"https:\/\/www.swikly.com\/wp-content\/uploads\/2020\/02\/cropped-logo-swikly.png\",\"width\":1574,\"height\":250,\"caption\":\"Swikly\"},\"image\":{\"@id\":\"https:\/\/www.swikly.com\/#\/schema\/logo\/image\/\"},\"sameAs\":[\"https:\/\/www.facebook.com\/swikly\/\",\"https:\/\/x.com\/swikly_company\",\"https:\/\/www.linkedin.com\/company\/swikly\/\"]},{\"@type\":\"Person\",\"@id\":\"https:\/\/www.swikly.com\/#\/schema\/person\/45bba15f3f1a85e94c2fd5730a6684c5\",\"name\":\"Charles Jung\",\"image\":{\"@type\":\"ImageObject\",\"inLanguage\":\"es\",\"@id\":\"https:\/\/www.swikly.com\/#\/schema\/person\/image\/\",\"url\":\"https:\/\/secure.gravatar.com\/avatar\/4977c31bd12495b60a28c7e404695842?s=96&d=mm&r=g\",\"contentUrl\":\"https:\/\/secure.gravatar.com\/avatar\/4977c31bd12495b60a28c7e404695842?s=96&d=mm&r=g\",\"caption\":\"Charles Jung\"},\"url\":\"https:\/\/www.swikly.com\/es\/author\/charles-jung-ext\/\"}]}<\/script>\n<!-- \/ Yoast SEO plugin. -->","yoast_head_json":{"title":"Propri\u00e9taires de location saisonni\u00e8re : votre h\u00e9bergement est-il sur Facebook ? - Swikly","robots":{"index":"index","follow":"follow","max-snippet":"max-snippet:-1","max-image-preview":"max-image-preview:large","max-video-preview":"max-video-preview:-1"},"canonical":"https:\/\/www.swikly.com\/es\/alquier-de-vacaciones\/2017\/01\/guest-blogger-pierre-de-eldorado-real-estate\/","og_locale":"es_ES","og_type":"article","og_title":"Propri\u00e9taires de location saisonni\u00e8re : votre h\u00e9bergement est-il sur Facebook ? - Swikly","og_description":"Pierre de Eldorado Immo est invit\u00e9 sur le blog SWIKOOL et vous propose en exclusivit\u00e9 un article d\u00e9di\u00e9 \u00e0 l'utilisation de Facebook pour les propri\u00e9taires !","og_url":"https:\/\/www.swikly.com\/es\/alquier-de-vacaciones\/2017\/01\/guest-blogger-pierre-de-eldorado-real-estate\/","og_site_name":"Swikly","article_publisher":"https:\/\/www.facebook.com\/swikly\/","article_published_time":"2017-01-04T19:54:32+00:00","article_modified_time":"2021-06-16T10:03:37+00:00","og_image":[{"width":2000,"height":1333,"url":"https:\/\/swiklywpstorage.blob.core.windows.net\/wp-media\/2017\/01\/pexels-kaboompics-com-6168.jpg","type":"image\/jpeg"}],"author":"Charles Jung","twitter_card":"summary_large_image","twitter_creator":"@swikly_company","twitter_site":"@swikly_company","twitter_misc":{"Escrito por":"Charles Jung","Tiempo de lectura":"3 minutos"},"schema":{"@context":"https:\/\/schema.org","@graph":[{"@type":"Article","@id":"https:\/\/www.swikly.com\/location-saisonniere\/2017\/01\/guest-blogueur-pierre-de-eldorado-immobilier\/#article","isPartOf":{"@id":"https:\/\/www.swikly.com\/location-saisonniere\/2017\/01\/guest-blogueur-pierre-de-eldorado-immobilier\/"},"author":{"name":"Charles Jung","@id":"https:\/\/www.swikly.com\/#\/schema\/person\/45bba15f3f1a85e94c2fd5730a6684c5"},"headline":"Propri\u00e9taires de location saisonni\u00e8re : votre h\u00e9bergement est-il sur Facebook ?","datePublished":"2017-01-04T19:54:32+00:00","dateModified":"2021-06-16T10:03:37+00:00","mainEntityOfPage":{"@id":"https:\/\/www.swikly.com\/location-saisonniere\/2017\/01\/guest-blogueur-pierre-de-eldorado-immobilier\/"},"wordCount":646,"publisher":{"@id":"https:\/\/www.swikly.com\/#organization"},"image":{"@id":"https:\/\/www.swikly.com\/location-saisonniere\/2017\/01\/guest-blogueur-pierre-de-eldorado-immobilier\/#primaryimage"},"thumbnailUrl":"https:\/\/swiklywpstorage.blob.core.windows.net\/wp-media\/2017\/01\/pexels-kaboompics-com-6168.jpg","keywords":["g\u00eetes","location saisonni\u00e8re","propri\u00e9taires"],"articleSection":["Location saisonni\u00e8re"],"inLanguage":"es"},{"@type":"WebPage","@id":"https:\/\/www.swikly.com\/location-saisonniere\/2017\/01\/guest-blogueur-pierre-de-eldorado-immobilier\/","url":"https:\/\/www.swikly.com\/location-saisonniere\/2017\/01\/guest-blogueur-pierre-de-eldorado-immobilier\/","name":"Propri\u00e9taires de location saisonni\u00e8re : votre h\u00e9bergement est-il sur Facebook ? - Swikly","isPartOf":{"@id":"https:\/\/www.swikly.com\/#website"},"primaryImageOfPage":{"@id":"https:\/\/www.swikly.com\/location-saisonniere\/2017\/01\/guest-blogueur-pierre-de-eldorado-immobilier\/#primaryimage"},"image":{"@id":"https:\/\/www.swikly.com\/location-saisonniere\/2017\/01\/guest-blogueur-pierre-de-eldorado-immobilier\/#primaryimage"},"thumbnailUrl":"https:\/\/swiklywpstorage.blob.core.windows.net\/wp-media\/2017\/01\/pexels-kaboompics-com-6168.jpg","datePublished":"2017-01-04T19:54:32+00:00","dateModified":"2021-06-16T10:03:37+00:00","breadcrumb":{"@id":"https:\/\/www.swikly.com\/location-saisonniere\/2017\/01\/guest-blogueur-pierre-de-eldorado-immobilier\/#breadcrumb"},"inLanguage":"es","potentialAction":[{"@type":"ReadAction","target":["https:\/\/www.swikly.com\/location-saisonniere\/2017\/01\/guest-blogueur-pierre-de-eldorado-immobilier\/"]}]},{"@type":"ImageObject","inLanguage":"es","@id":"https:\/\/www.swikly.com\/location-saisonniere\/2017\/01\/guest-blogueur-pierre-de-eldorado-immobilier\/#primaryimage","url":"https:\/\/swiklywpstorage.blob.core.windows.net\/wp-media\/2017\/01\/pexels-kaboompics-com-6168.jpg","contentUrl":"https:\/\/swiklywpstorage.blob.core.windows.net\/wp-media\/2017\/01\/pexels-kaboompics-com-6168.jpg","width":2000,"height":1333,"caption":"Facebook"},{"@type":"BreadcrumbList","@id":"https:\/\/www.swikly.com\/location-saisonniere\/2017\/01\/guest-blogueur-pierre-de-eldorado-immobilier\/#breadcrumb","itemListElement":[{"@type":"ListItem","position":1,"name":"Accueil","item":"https:\/\/www.swikly.com\/"},{"@type":"ListItem","position":2,"name":"Propri\u00e9taires de location saisonni\u00e8re : votre h\u00e9bergement est-il sur Facebook ?"}]},{"@type":"WebSite","@id":"https:\/\/www.swikly.com\/#website","url":"https:\/\/www.swikly.com\/","name":"Swikly","description":"La solution pour vos cautions, en ligne !","publisher":{"@id":"https:\/\/www.swikly.com\/#organization"},"potentialAction":[{"@type":"SearchAction","target":{"@type":"EntryPoint","urlTemplate":"https:\/\/www.swikly.com\/?s={search_term_string}"},"query-input":{"@type":"PropertyValueSpecification","valueRequired":true,"valueName":"search_term_string"}}],"inLanguage":"es"},{"@type":"Organization","@id":"https:\/\/www.swikly.com\/#organization","name":"Swikly","url":"https:\/\/www.swikly.com\/","logo":{"@type":"ImageObject","inLanguage":"es","@id":"https:\/\/www.swikly.com\/#\/schema\/logo\/image\/","url":"https:\/\/www.swikly.com\/wp-content\/uploads\/2020\/02\/cropped-logo-swikly.png","contentUrl":"https:\/\/www.swikly.com\/wp-content\/uploads\/2020\/02\/cropped-logo-swikly.png","width":1574,"height":250,"caption":"Swikly"},"image":{"@id":"https:\/\/www.swikly.com\/#\/schema\/logo\/image\/"},"sameAs":["https:\/\/www.facebook.com\/swikly\/","https:\/\/x.com\/swikly_company","https:\/\/www.linkedin.com\/company\/swikly\/"]},{"@type":"Person","@id":"https:\/\/www.swikly.com\/#\/schema\/person\/45bba15f3f1a85e94c2fd5730a6684c5","name":"Charles Jung","image":{"@type":"ImageObject","inLanguage":"es","@id":"https:\/\/www.swikly.com\/#\/schema\/person\/image\/","url":"https:\/\/secure.gravatar.com\/avatar\/4977c31bd12495b60a28c7e404695842?s=96&d=mm&r=g","contentUrl":"https:\/\/secure.gravatar.com\/avatar\/4977c31bd12495b60a28c7e404695842?s=96&d=mm&r=g","caption":"Charles Jung"},"url":"https:\/\/www.swikly.com\/es\/author\/charles-jung-ext\/"}]}},"_links":{"self":[{"href":"https:\/\/www.swikly.com\/es\/wp-json\/wp\/v2\/posts\/401"}],"collection":[{"href":"https:\/\/www.swikly.com\/es\/wp-json\/wp\/v2\/posts"}],"about":[{"href":"https:\/\/www.swikly.com\/es\/wp-json\/wp\/v2\/types\/post"}],"author":[{"embeddable":true,"href":"https:\/\/www.swikly.com\/es\/wp-json\/wp\/v2\/users\/990018"}],"replies":[{"embeddable":true,"href":"https:\/\/www.swikly.com\/es\/wp-json\/wp\/v2\/comments?post=401"}],"version-history":[{"count":5,"href":"https:\/\/www.swikly.com\/es\/wp-json\/wp\/v2\/posts\/401\/revisions"}],"predecessor-version":[{"id":5371,"href":"https:\/\/www.swikly.com\/es\/wp-json\/wp\/v2\/posts\/401\/revisions\/5371"}],"wp:featuredmedia":[{"embeddable":true,"href":"https:\/\/www.swikly.com\/es\/wp-json\/wp\/v2\/media\/4756"}],"wp:attachment":[{"href":"https:\/\/www.swikly.com\/es\/wp-json\/wp\/v2\/media?parent=401"}],"wp:term":[{"taxonomy":"category","embeddable":true,"href":"https:\/\/www.swikly.com\/es\/wp-json\/wp\/v2\/categories?post=401"},{"taxonomy":"post_tag","embeddable":true,"href":"https:\/\/www.swikly.com\/es\/wp-json\/wp\/v2\/tags?post=401"}],"curies":[{"name":"wp","href":"https:\/\/api.w.org\/{rel}","templated":true}]}}