{"id":4070,"date":"2019-07-09T10:00:42","date_gmt":"2019-07-09T08:00:42","guid":{"rendered":"https:\/\/swikly.blog\/?p=2195"},"modified":"2021-06-16T11:44:50","modified_gmt":"2021-06-16T09:44:50","slug":"top-5-des-salons-europeens-de-la-location-saisonniere","status":"publish","type":"post","link":"https:\/\/www.swikly.com\/es\/alquier-de-vacaciones\/2019\/07\/top-5-ferias-de-alquiler-de-temporada-en-europa\/","title":{"rendered":"Las 5 mejores ferias profesionales de alquiler de vacaciones en Europa"},"content":{"rendered":"<p class=\"has-text-align-justify\">Cada vez se celebran m\u00e1s eventos, conferencias y ceremonias en el sector del alquiler vacacional. Para unirse, reunirse, compartir, aprender o simplemente celebrar una buena noticia.<\/p>\n\n\n\n<p class=\"has-text-align-justify\"><strong><a rel=\"noreferrer noopener\" aria-label=\"GuestyVal (se abre en una nueva pesta\u00f1a)\" href=\"https:\/\/www.guestyval.com\/\" target=\"_blank\">GuestyVal<\/a><\/strong>&nbsp;Organizado por <a rel=\"noreferrer noopener\" aria-label=\"Guesty (se abre en una nueva pesta\u00f1a)\" href=\"https:\/\/guesty.com\" target=\"_blank\">Guesty<\/a>GuestyVal es un evento <strong>organizado en Tel Aviv<\/strong>una ciudad conocida por su floreciente industria tecnol\u00f3gica. <strong>Del 16 al 18 de septiembre de 2019<\/strong>Los gestores de propiedades, las OTA y los actores del alquiler vacacional comparten sus experiencias, dan conferencias y se ayudan mutuamente. Adem\u00e1s de tener lugar en un hermoso lugar, el Camilo, el tercer d\u00eda de este evento es un viaje (2 propuestas) que permite a los participantes descubrir Israel de otra manera.<\/p>\n\n\n\n<p class=\"has-text-align-justify has-text-color\" style=\"color:#ffffff\">.<\/p>\n\n\n\n<p class=\"has-text-align-justify\"><strong><a rel=\"noreferrer noopener\" aria-label=\"Cumbre Mundial del Alquiler Vacacional (se abre en una nueva pesta\u00f1a)\" href=\"https:\/\/www.vacationrentalworldsummit.com\/\" target=\"_blank\">Cumbre Mundial del Alquiler Vacacional<\/a><\/strong>&nbsp;El objetivo de VRWS, creado en 2013, es reunir a propietarios, administradores de fincas y profesionales del sector durante dos d\u00edas, <strong>en Italia<\/strong>. Se trata de un acontecimiento educativo en un hermoso lugar, abierto a 400 participantes cuidadosamente seleccionados. En forma de una gran conferencia, todos los expertos vienen a hablar del mercado del alquiler vacacional y a dar consejos y trucos. <strong>Tiene lugar los d\u00edas 5 y 6 de octubre de 2019.<\/strong><\/p>\n\n\n\n<p class=\"has-text-align-justify has-text-color\" style=\"color:#ffffff\"><strong>.<\/strong><\/p>\n\n\n\n<p class=\"has-text-align-justify\"><strong><a rel=\"noreferrer noopener\" aria-label=\"HOST 2019 (se abre en una nueva pesta\u00f1a)\" href=\"https:\/\/www.terrapinn.com\/exhibition\/host\/index.stm\" target=\"_blank\">HOST 2019<\/a><\/strong>&nbsp;Creado con el auge de las nuevas modalidades de alojamiento, es EL nuevo y m\u00e1s importante evento para la industria del alquiler a corto plazo y del alquiler vacacional. El programa est\u00e1 dise\u00f1ado para ayudar a los propietarios a iniciarse en su negocio de alquiler vacacional, a maximizar su negocio de alquiler a trav\u00e9s del marketing, la tecnolog\u00eda y la elecci\u00f3n de los mejores socios. Patrocinado por HomeAway, GuardHog, Guesty y YapStone, <strong>HOST tiene lugar del 31 al 1 de octubre.<\/strong><sup><strong>er<\/strong><\/sup><strong> Noviembre, en Londres. <\/strong><\/p>\n\n\n\n<p class=\"has-text-align-justify has-text-color\" style=\"color:#ffffff\">.<\/p>\n\n\n\n<p class=\"has-text-align-justify\"><strong><a rel=\"noreferrer noopener\" aria-label=\"World Travel Market (se abre en una nueva pesta\u00f1a)\" href=\"https:\/\/london.wtm.com\/\" target=\"_blank\">Mercado Mundial de Viajes<\/a><\/strong>&nbsp;: <strong>Del 4 al 6 de noviembre de 2019, la World Travel Market tambi\u00e9n se celebra en Londres<\/strong>y lo ha sido durante 40 a\u00f1os. Es la feria de turismo B2B de obligada asistencia <em>(Business to Business)<\/em>el \"centro de las ideas de viaje\". Con 51.000 expositores, este sal\u00f3n le permitir\u00e1 ver c\u00f3mo ser\u00e1 el turismo en los pr\u00f3ximos 5 a\u00f1os y las \u00faltimas innovaciones tur\u00edsticas. Tambi\u00e9n encontrar\u00e1 conferencias empresariales, consejos, trucos y ser\u00e1 una oportunidad para crear muchas oportunidades de negocio y darse a conocer al mayor n\u00famero de personas.<\/p>\n\n\n\n<p class=\"has-text-align-justify has-text-color\" style=\"color:#ffffff\"><strong>.<\/strong><\/p>\n\n\n\n<p class=\"has-text-align-justify\"><strong><a rel=\"noreferrer noopener\" aria-label=\"Espect\u00e1culo de estancias cortas (se abre en una nueva pesta\u00f1a)\" href=\"https:\/\/shortstay.show\/\" target=\"_blank\">Espect\u00e1culo de corta duraci\u00f3n<\/a><\/strong>&nbsp;: Siempre en <strong>Londres<\/strong>El Short Stay Show es un evento dedicado a la nueva y creciente tendencia de los alquileres de corta duraci\u00f3n. El evento, de tipo conferencia, consta de 5 fases, en las que intervendr\u00e1n ponentes principales, representantes gubernamentales y futuristas que debatir\u00e1n sobre el crecimiento explosivo del alquiler a corto plazo. Adem\u00e1s de las 5 etapas que representan los pasos para ayudar a los administradores de propiedades a maximizar su negocio, tambi\u00e9n hay un \u00e1rea central de redes para conversar con otros actores del alquiler a corto plazo. <strong>El evento tiene lugar el 12 de marzo de 2020.<\/strong><\/p>\n\n\n\n<p>Todos estos eventos le permitir\u00e1n aprender, compartir y establecer una red de contactos considerable. \u00bfA qu\u00e9 esperas? <\/p>","protected":false},"excerpt":{"rendered":"<p>Encuentre el TOP 5 de las ferias profesionales de alquiler de vacaciones en Europa<\/p>","protected":false},"author":990018,"featured_media":4591,"comment_status":"closed","ping_status":"closed","sticky":false,"template":"","format":"aside","meta":{"content-type":"","_mo_disable_npp":"","_monsterinsights_skip_tracking":false,"_monsterinsights_sitenote_active":false,"_monsterinsights_sitenote_note":"","_monsterinsights_sitenote_category":0,"footnotes":""},"categories":[95],"tags":[143,283,284,285,286],"class_list":["post-4070","post","type-post","status-publish","format-aside","has-post-thumbnail","hentry","category-location-saisonniere","tag-location-saisonniere","tag-propertymanagement","tag-salons","tag-tradeshows","tag-vacation-rental","post_format-post-format-aside"],"yoast_head":"<!-- This site is optimized with the Yoast SEO plugin v24.6 - https:\/\/yoast.com\/wordpress\/plugins\/seo\/ -->\n<title>TOP 5 des Salons Professionnels de la location saisonni\u00e8re, en Europe - Swikly<\/title>\n<meta name=\"robots\" content=\"index, follow, max-snippet:-1, max-image-preview:large, max-video-preview:-1\" \/>\n<link rel=\"canonical\" href=\"https:\/\/www.swikly.com\/es\/alquier-de-vacaciones\/2019\/07\/top-5-ferias-de-alquiler-de-temporada-en-europa\/\" \/>\n<meta property=\"og:locale\" content=\"es_ES\" \/>\n<meta property=\"og:type\" content=\"article\" \/>\n<meta property=\"og:title\" content=\"TOP 5 des Salons Professionnels de la location saisonni\u00e8re, en Europe - Swikly\" \/>\n<meta property=\"og:description\" content=\"Retrouvez le TOP 5 des salons professionnels de location saisonni\u00e8re en Europe\" \/>\n<meta property=\"og:url\" content=\"https:\/\/www.swikly.com\/es\/alquier-de-vacaciones\/2019\/07\/top-5-ferias-de-alquiler-de-temporada-en-europa\/\" \/>\n<meta property=\"og:site_name\" content=\"Swikly\" \/>\n<meta property=\"article:publisher\" content=\"https:\/\/www.facebook.com\/swikly\/\" \/>\n<meta property=\"article:published_time\" content=\"2019-07-09T08:00:42+00:00\" \/>\n<meta property=\"article:modified_time\" content=\"2021-06-16T09:44:50+00:00\" \/>\n<meta property=\"og:image\" content=\"https:\/\/swiklywpstorage.blob.core.windows.net\/wp-media\/2020\/03\/pexels-luis-quintero-2833037.jpg\" \/>\n\t<meta property=\"og:image:width\" content=\"2000\" \/>\n\t<meta property=\"og:image:height\" content=\"1333\" \/>\n\t<meta property=\"og:image:type\" content=\"image\/jpeg\" \/>\n<meta name=\"author\" content=\"Charles Jung\" \/>\n<meta name=\"twitter:card\" content=\"summary_large_image\" \/>\n<meta name=\"twitter:creator\" content=\"@swikly_company\" \/>\n<meta name=\"twitter:site\" content=\"@swikly_company\" \/>\n<meta name=\"twitter:label1\" content=\"Escrito por\" \/>\n\t<meta name=\"twitter:data1\" content=\"Charles Jung\" \/>\n\t<meta name=\"twitter:label2\" content=\"Tiempo de lectura\" \/>\n\t<meta name=\"twitter:data2\" content=\"3 minutos\" \/>\n<script type=\"application\/ld+json\" class=\"yoast-schema-graph\">{\"@context\":\"https:\/\/schema.org\",\"@graph\":[{\"@type\":\"Article\",\"@id\":\"https:\/\/www.swikly.com\/location-saisonniere\/2019\/07\/top-5-des-salons-europeens-de-la-location-saisonniere\/#article\",\"isPartOf\":{\"@id\":\"https:\/\/www.swikly.com\/location-saisonniere\/2019\/07\/top-5-des-salons-europeens-de-la-location-saisonniere\/\"},\"author\":{\"name\":\"Charles Jung\",\"@id\":\"https:\/\/www.swikly.com\/#\/schema\/person\/45bba15f3f1a85e94c2fd5730a6684c5\"},\"headline\":\"TOP 5 des Salons Professionnels de la location saisonni\u00e8re, en Europe\",\"datePublished\":\"2019-07-09T08:00:42+00:00\",\"dateModified\":\"2021-06-16T09:44:50+00:00\",\"mainEntityOfPage\":{\"@id\":\"https:\/\/www.swikly.com\/location-saisonniere\/2019\/07\/top-5-des-salons-europeens-de-la-location-saisonniere\/\"},\"wordCount\":561,\"publisher\":{\"@id\":\"https:\/\/www.swikly.com\/#organization\"},\"image\":{\"@id\":\"https:\/\/www.swikly.com\/location-saisonniere\/2019\/07\/top-5-des-salons-europeens-de-la-location-saisonniere\/#primaryimage\"},\"thumbnailUrl\":\"https:\/\/swiklywpstorage.blob.core.windows.net\/wp-media\/2020\/03\/pexels-luis-quintero-2833037.jpg\",\"keywords\":[\"location saisonni\u00e8re\",\"propertymanagement\",\"salons\",\"tradeshows\",\"vacation rental\"],\"articleSection\":[\"Location saisonni\u00e8re\"],\"inLanguage\":\"es\"},{\"@type\":\"WebPage\",\"@id\":\"https:\/\/www.swikly.com\/location-saisonniere\/2019\/07\/top-5-des-salons-europeens-de-la-location-saisonniere\/\",\"url\":\"https:\/\/www.swikly.com\/location-saisonniere\/2019\/07\/top-5-des-salons-europeens-de-la-location-saisonniere\/\",\"name\":\"TOP 5 des Salons Professionnels de la location saisonni\u00e8re, en Europe - Swikly\",\"isPartOf\":{\"@id\":\"https:\/\/www.swikly.com\/#website\"},\"primaryImageOfPage\":{\"@id\":\"https:\/\/www.swikly.com\/location-saisonniere\/2019\/07\/top-5-des-salons-europeens-de-la-location-saisonniere\/#primaryimage\"},\"image\":{\"@id\":\"https:\/\/www.swikly.com\/location-saisonniere\/2019\/07\/top-5-des-salons-europeens-de-la-location-saisonniere\/#primaryimage\"},\"thumbnailUrl\":\"https:\/\/swiklywpstorage.blob.core.windows.net\/wp-media\/2020\/03\/pexels-luis-quintero-2833037.jpg\",\"datePublished\":\"2019-07-09T08:00:42+00:00\",\"dateModified\":\"2021-06-16T09:44:50+00:00\",\"breadcrumb\":{\"@id\":\"https:\/\/www.swikly.com\/location-saisonniere\/2019\/07\/top-5-des-salons-europeens-de-la-location-saisonniere\/#breadcrumb\"},\"inLanguage\":\"es\",\"potentialAction\":[{\"@type\":\"ReadAction\",\"target\":[\"https:\/\/www.swikly.com\/location-saisonniere\/2019\/07\/top-5-des-salons-europeens-de-la-location-saisonniere\/\"]}]},{\"@type\":\"ImageObject\",\"inLanguage\":\"es\",\"@id\":\"https:\/\/www.swikly.com\/location-saisonniere\/2019\/07\/top-5-des-salons-europeens-de-la-location-saisonniere\/#primaryimage\",\"url\":\"https:\/\/swiklywpstorage.blob.core.windows.net\/wp-media\/2020\/03\/pexels-luis-quintero-2833037.jpg\",\"contentUrl\":\"https:\/\/swiklywpstorage.blob.core.windows.net\/wp-media\/2020\/03\/pexels-luis-quintero-2833037.jpg\",\"width\":2000,\"height\":1333,\"caption\":\"Vacation Rental World Summit\"},{\"@type\":\"BreadcrumbList\",\"@id\":\"https:\/\/www.swikly.com\/location-saisonniere\/2019\/07\/top-5-des-salons-europeens-de-la-location-saisonniere\/#breadcrumb\",\"itemListElement\":[{\"@type\":\"ListItem\",\"position\":1,\"name\":\"Accueil\",\"item\":\"https:\/\/www.swikly.com\/\"},{\"@type\":\"ListItem\",\"position\":2,\"name\":\"TOP 5 des Salons Professionnels de la location saisonni\u00e8re, en Europe\"}]},{\"@type\":\"WebSite\",\"@id\":\"https:\/\/www.swikly.com\/#website\",\"url\":\"https:\/\/www.swikly.com\/\",\"name\":\"Swikly\",\"description\":\"La solution pour vos cautions, en ligne !\",\"publisher\":{\"@id\":\"https:\/\/www.swikly.com\/#organization\"},\"potentialAction\":[{\"@type\":\"SearchAction\",\"target\":{\"@type\":\"EntryPoint\",\"urlTemplate\":\"https:\/\/www.swikly.com\/?s={search_term_string}\"},\"query-input\":{\"@type\":\"PropertyValueSpecification\",\"valueRequired\":true,\"valueName\":\"search_term_string\"}}],\"inLanguage\":\"es\"},{\"@type\":\"Organization\",\"@id\":\"https:\/\/www.swikly.com\/#organization\",\"name\":\"Swikly\",\"url\":\"https:\/\/www.swikly.com\/\",\"logo\":{\"@type\":\"ImageObject\",\"inLanguage\":\"es\",\"@id\":\"https:\/\/www.swikly.com\/#\/schema\/logo\/image\/\",\"url\":\"https:\/\/www.swikly.com\/wp-content\/uploads\/2020\/02\/cropped-logo-swikly.png\",\"contentUrl\":\"https:\/\/www.swikly.com\/wp-content\/uploads\/2020\/02\/cropped-logo-swikly.png\",\"width\":1574,\"height\":250,\"caption\":\"Swikly\"},\"image\":{\"@id\":\"https:\/\/www.swikly.com\/#\/schema\/logo\/image\/\"},\"sameAs\":[\"https:\/\/www.facebook.com\/swikly\/\",\"https:\/\/x.com\/swikly_company\",\"https:\/\/www.linkedin.com\/company\/swikly\/\"]},{\"@type\":\"Person\",\"@id\":\"https:\/\/www.swikly.com\/#\/schema\/person\/45bba15f3f1a85e94c2fd5730a6684c5\",\"name\":\"Charles Jung\",\"image\":{\"@type\":\"ImageObject\",\"inLanguage\":\"es\",\"@id\":\"https:\/\/www.swikly.com\/#\/schema\/person\/image\/\",\"url\":\"https:\/\/secure.gravatar.com\/avatar\/4977c31bd12495b60a28c7e404695842?s=96&d=mm&r=g\",\"contentUrl\":\"https:\/\/secure.gravatar.com\/avatar\/4977c31bd12495b60a28c7e404695842?s=96&d=mm&r=g\",\"caption\":\"Charles Jung\"},\"url\":\"https:\/\/www.swikly.com\/es\/author\/charles-jung-ext\/\"}]}<\/script>\n<!-- \/ Yoast SEO plugin. -->","yoast_head_json":{"title":"TOP 5 des Salons Professionnels de la location saisonni\u00e8re, en Europe - Swikly","robots":{"index":"index","follow":"follow","max-snippet":"max-snippet:-1","max-image-preview":"max-image-preview:large","max-video-preview":"max-video-preview:-1"},"canonical":"https:\/\/www.swikly.com\/es\/alquier-de-vacaciones\/2019\/07\/top-5-ferias-de-alquiler-de-temporada-en-europa\/","og_locale":"es_ES","og_type":"article","og_title":"TOP 5 des Salons Professionnels de la location saisonni\u00e8re, en Europe - Swikly","og_description":"Retrouvez le TOP 5 des salons professionnels de location saisonni\u00e8re en Europe","og_url":"https:\/\/www.swikly.com\/es\/alquier-de-vacaciones\/2019\/07\/top-5-ferias-de-alquiler-de-temporada-en-europa\/","og_site_name":"Swikly","article_publisher":"https:\/\/www.facebook.com\/swikly\/","article_published_time":"2019-07-09T08:00:42+00:00","article_modified_time":"2021-06-16T09:44:50+00:00","og_image":[{"width":2000,"height":1333,"url":"https:\/\/swiklywpstorage.blob.core.windows.net\/wp-media\/2020\/03\/pexels-luis-quintero-2833037.jpg","type":"image\/jpeg"}],"author":"Charles Jung","twitter_card":"summary_large_image","twitter_creator":"@swikly_company","twitter_site":"@swikly_company","twitter_misc":{"Escrito por":"Charles Jung","Tiempo de lectura":"3 minutos"},"schema":{"@context":"https:\/\/schema.org","@graph":[{"@type":"Article","@id":"https:\/\/www.swikly.com\/location-saisonniere\/2019\/07\/top-5-des-salons-europeens-de-la-location-saisonniere\/#article","isPartOf":{"@id":"https:\/\/www.swikly.com\/location-saisonniere\/2019\/07\/top-5-des-salons-europeens-de-la-location-saisonniere\/"},"author":{"name":"Charles Jung","@id":"https:\/\/www.swikly.com\/#\/schema\/person\/45bba15f3f1a85e94c2fd5730a6684c5"},"headline":"TOP 5 des Salons Professionnels de la location saisonni\u00e8re, en Europe","datePublished":"2019-07-09T08:00:42+00:00","dateModified":"2021-06-16T09:44:50+00:00","mainEntityOfPage":{"@id":"https:\/\/www.swikly.com\/location-saisonniere\/2019\/07\/top-5-des-salons-europeens-de-la-location-saisonniere\/"},"wordCount":561,"publisher":{"@id":"https:\/\/www.swikly.com\/#organization"},"image":{"@id":"https:\/\/www.swikly.com\/location-saisonniere\/2019\/07\/top-5-des-salons-europeens-de-la-location-saisonniere\/#primaryimage"},"thumbnailUrl":"https:\/\/swiklywpstorage.blob.core.windows.net\/wp-media\/2020\/03\/pexels-luis-quintero-2833037.jpg","keywords":["location saisonni\u00e8re","propertymanagement","salons","tradeshows","vacation rental"],"articleSection":["Location saisonni\u00e8re"],"inLanguage":"es"},{"@type":"WebPage","@id":"https:\/\/www.swikly.com\/location-saisonniere\/2019\/07\/top-5-des-salons-europeens-de-la-location-saisonniere\/","url":"https:\/\/www.swikly.com\/location-saisonniere\/2019\/07\/top-5-des-salons-europeens-de-la-location-saisonniere\/","name":"TOP 5 des Salons Professionnels de la location saisonni\u00e8re, en Europe - Swikly","isPartOf":{"@id":"https:\/\/www.swikly.com\/#website"},"primaryImageOfPage":{"@id":"https:\/\/www.swikly.com\/location-saisonniere\/2019\/07\/top-5-des-salons-europeens-de-la-location-saisonniere\/#primaryimage"},"image":{"@id":"https:\/\/www.swikly.com\/location-saisonniere\/2019\/07\/top-5-des-salons-europeens-de-la-location-saisonniere\/#primaryimage"},"thumbnailUrl":"https:\/\/swiklywpstorage.blob.core.windows.net\/wp-media\/2020\/03\/pexels-luis-quintero-2833037.jpg","datePublished":"2019-07-09T08:00:42+00:00","dateModified":"2021-06-16T09:44:50+00:00","breadcrumb":{"@id":"https:\/\/www.swikly.com\/location-saisonniere\/2019\/07\/top-5-des-salons-europeens-de-la-location-saisonniere\/#breadcrumb"},"inLanguage":"es","potentialAction":[{"@type":"ReadAction","target":["https:\/\/www.swikly.com\/location-saisonniere\/2019\/07\/top-5-des-salons-europeens-de-la-location-saisonniere\/"]}]},{"@type":"ImageObject","inLanguage":"es","@id":"https:\/\/www.swikly.com\/location-saisonniere\/2019\/07\/top-5-des-salons-europeens-de-la-location-saisonniere\/#primaryimage","url":"https:\/\/swiklywpstorage.blob.core.windows.net\/wp-media\/2020\/03\/pexels-luis-quintero-2833037.jpg","contentUrl":"https:\/\/swiklywpstorage.blob.core.windows.net\/wp-media\/2020\/03\/pexels-luis-quintero-2833037.jpg","width":2000,"height":1333,"caption":"Vacation Rental World Summit"},{"@type":"BreadcrumbList","@id":"https:\/\/www.swikly.com\/location-saisonniere\/2019\/07\/top-5-des-salons-europeens-de-la-location-saisonniere\/#breadcrumb","itemListElement":[{"@type":"ListItem","position":1,"name":"Accueil","item":"https:\/\/www.swikly.com\/"},{"@type":"ListItem","position":2,"name":"TOP 5 des Salons Professionnels de la location saisonni\u00e8re, en Europe"}]},{"@type":"WebSite","@id":"https:\/\/www.swikly.com\/#website","url":"https:\/\/www.swikly.com\/","name":"Swikly","description":"La solution pour vos cautions, en ligne !","publisher":{"@id":"https:\/\/www.swikly.com\/#organization"},"potentialAction":[{"@type":"SearchAction","target":{"@type":"EntryPoint","urlTemplate":"https:\/\/www.swikly.com\/?s={search_term_string}"},"query-input":{"@type":"PropertyValueSpecification","valueRequired":true,"valueName":"search_term_string"}}],"inLanguage":"es"},{"@type":"Organization","@id":"https:\/\/www.swikly.com\/#organization","name":"Swikly","url":"https:\/\/www.swikly.com\/","logo":{"@type":"ImageObject","inLanguage":"es","@id":"https:\/\/www.swikly.com\/#\/schema\/logo\/image\/","url":"https:\/\/www.swikly.com\/wp-content\/uploads\/2020\/02\/cropped-logo-swikly.png","contentUrl":"https:\/\/www.swikly.com\/wp-content\/uploads\/2020\/02\/cropped-logo-swikly.png","width":1574,"height":250,"caption":"Swikly"},"image":{"@id":"https:\/\/www.swikly.com\/#\/schema\/logo\/image\/"},"sameAs":["https:\/\/www.facebook.com\/swikly\/","https:\/\/x.com\/swikly_company","https:\/\/www.linkedin.com\/company\/swikly\/"]},{"@type":"Person","@id":"https:\/\/www.swikly.com\/#\/schema\/person\/45bba15f3f1a85e94c2fd5730a6684c5","name":"Charles Jung","image":{"@type":"ImageObject","inLanguage":"es","@id":"https:\/\/www.swikly.com\/#\/schema\/person\/image\/","url":"https:\/\/secure.gravatar.com\/avatar\/4977c31bd12495b60a28c7e404695842?s=96&d=mm&r=g","contentUrl":"https:\/\/secure.gravatar.com\/avatar\/4977c31bd12495b60a28c7e404695842?s=96&d=mm&r=g","caption":"Charles Jung"},"url":"https:\/\/www.swikly.com\/es\/author\/charles-jung-ext\/"}]}},"_links":{"self":[{"href":"https:\/\/www.swikly.com\/es\/wp-json\/wp\/v2\/posts\/4070"}],"collection":[{"href":"https:\/\/www.swikly.com\/es\/wp-json\/wp\/v2\/posts"}],"about":[{"href":"https:\/\/www.swikly.com\/es\/wp-json\/wp\/v2\/types\/post"}],"author":[{"embeddable":true,"href":"https:\/\/www.swikly.com\/es\/wp-json\/wp\/v2\/users\/990018"}],"replies":[{"embeddable":true,"href":"https:\/\/www.swikly.com\/es\/wp-json\/wp\/v2\/comments?post=4070"}],"version-history":[{"count":3,"href":"https:\/\/www.swikly.com\/es\/wp-json\/wp\/v2\/posts\/4070\/revisions"}],"predecessor-version":[{"id":5351,"href":"https:\/\/www.swikly.com\/es\/wp-json\/wp\/v2\/posts\/4070\/revisions\/5351"}],"wp:featuredmedia":[{"embeddable":true,"href":"https:\/\/www.swikly.com\/es\/wp-json\/wp\/v2\/media\/4591"}],"wp:attachment":[{"href":"https:\/\/www.swikly.com\/es\/wp-json\/wp\/v2\/media?parent=4070"}],"wp:term":[{"taxonomy":"category","embeddable":true,"href":"https:\/\/www.swikly.com\/es\/wp-json\/wp\/v2\/categories?post=4070"},{"taxonomy":"post_tag","embeddable":true,"href":"https:\/\/www.swikly.com\/es\/wp-json\/wp\/v2\/tags?post=4070"}],"curies":[{"name":"wp","href":"https:\/\/api.w.org\/{rel}","templated":true}]}}