{"id":940,"date":"2017-07-24T13:25:02","date_gmt":"2017-07-24T11:25:02","guid":{"rendered":"http:\/\/blog.swikly.com\/?p=940"},"modified":"2021-06-16T10:14:40","modified_gmt":"2021-06-16T08:14:40","slug":"pedaler-du-caire-au-cap-le-tour-dafrique","status":"publish","type":"post","link":"https:\/\/www.swikly.com\/es\/otros\/2017\/07\/pedalear-desde-el-cairo-hasta-el-cap-tour-dafrique\/","title":{"rendered":"En bicicleta de El Cairo a Ciudad del Cabo: la Vuelta a \u00c1frica"},"content":{"rendered":"<p>El equipo de Swikly asume cada d\u00eda retos para ofrecer dep\u00f3sitos y garant\u00edas online a sus clientes proveedores de actividades al aire libre.<\/p>\n\n\n\n<p>Como entusiastas del deporte, nos gustar\u00eda presentarles el <strong>Vuelta a \u00c1frica<\/strong>uno de los m\u00e1s largos <strong>carreras de bicicleta de monta\u00f1a<\/strong> del mundo. De El Cairo a Ciudad del Cabo, los participantes viajan <strong>12.000 km<\/strong> !<\/p>\n\n\n\n<p>La Vuelta a \u00c1frica es sobre todo un viaje a trav\u00e9s de un <strong>un continente impresionante<\/strong>. Lejos de ser una visita tur\u00edstica, esta carrera cuenta <strong>94 pasos<\/strong> que requieren nada menos que <strong>4 meses<\/strong> resistencia a los corredores. No se trata de establecer un r\u00e9cord, el objetivo principal, para los m\u00e1s resistentes, es terminar el recorrido. Sin embargo, es posible participar s\u00f3lo en una parte de la carrera si no se dispone de 4 meses o de la forma de Christopher Froome.<\/p>\n\n\n\n<p>M\u00e1s all\u00e1 de la<strong> fatiga acumulada<\/strong>los participantes deben lidiar con el <strong>condiciones clim\u00e1ticas<\/strong> caprichosa y a un <strong>fauna y flora silvestres<\/strong> y un <strong>flora<\/strong> que puede ser peligroso. Durante una aventura de este tipo, la recuperaci\u00f3n, junto con una buena nutrici\u00f3n y una hidrataci\u00f3n regular, es una cuesti\u00f3n clave que no debe pasarse por alto.<\/p>\n\n\n\n<p>Los organizadores del Tour no son inmunes a los incidentes aislados relacionados con la<strong>inestabilidad pol\u00edtica<\/strong> del continente. Por ejemplo, en 2003 la carrera se vio obligada a evitar Kenia por la seguridad de los corredores.<\/p>\n\n\n\n<p>Tras un largo viaje lleno de encuentros inesperados, los corredores saben que han vivido la<strong>experiencia de vida<\/strong>.<\/p>\n\n\n\n<p>Swikly, acompa\u00f1a a los proveedores de actividades al aire libre en sus retos diarios para asegurar sus reservas. Y t\u00fa, \u00bfcu\u00e1l es tu reto?<\/p>","protected":false},"excerpt":{"rendered":"<p>Como entusiastas del deporte, nos gustar\u00eda presentarle el Tour de \u00c1frica, una de las carreras de bicicleta de monta\u00f1a m\u00e1s largas del mundo. Desde El Cairo hasta Ciudad del Cabo, los participantes recorren 12.000 km.<\/p>","protected":false},"author":990018,"featured_media":4693,"comment_status":"closed","ping_status":"closed","sticky":false,"template":"","format":"standard","meta":{"content-type":"","_mo_disable_npp":"","_monsterinsights_skip_tracking":false,"_monsterinsights_sitenote_active":false,"_monsterinsights_sitenote_note":"","_monsterinsights_sitenote_category":0,"footnotes":""},"categories":[1],"tags":[102,217,216,112,145],"class_list":["post-940","post","type-post","status-publish","format-standard","has-post-thumbnail","hentry","category-autres","tag-acomptes","tag-acomptes-et-de-cautions-en-ligne","tag-prestataires-dactivites-outdoor","tag-reservations","tag-securiser"],"yoast_head":"<!-- This site is optimized with the Yoast SEO plugin v24.6 - https:\/\/yoast.com\/wordpress\/plugins\/seo\/ -->\n<title>P\u00e9daler du Caire au Cap : Le Tour d\u2019Afrique - Swikly<\/title>\n<meta name=\"robots\" content=\"index, follow, max-snippet:-1, max-image-preview:large, max-video-preview:-1\" \/>\n<link rel=\"canonical\" href=\"https:\/\/www.swikly.com\/es\/otros\/2017\/07\/pedalear-desde-el-cairo-hasta-el-cap-tour-dafrique\/\" \/>\n<meta property=\"og:locale\" content=\"es_ES\" \/>\n<meta property=\"og:type\" content=\"article\" \/>\n<meta property=\"og:title\" content=\"P\u00e9daler du Caire au Cap : Le Tour d\u2019Afrique - Swikly\" \/>\n<meta property=\"og:description\" content=\"En tant que passionn\u00e9s de sport, nous souhaitons vous pr\u00e9senter le Tour d\u2019Afrique, l\u2019une des plus longues courses en VTT du monde. Du Caire au Cap, les participants parcourent 12 000 km !\" \/>\n<meta property=\"og:url\" content=\"https:\/\/www.swikly.com\/es\/otros\/2017\/07\/pedalear-desde-el-cairo-hasta-el-cap-tour-dafrique\/\" \/>\n<meta property=\"og:site_name\" content=\"Swikly\" \/>\n<meta property=\"article:publisher\" content=\"https:\/\/www.facebook.com\/swikly\/\" \/>\n<meta property=\"article:published_time\" content=\"2017-07-24T11:25:02+00:00\" \/>\n<meta property=\"article:modified_time\" content=\"2021-06-16T08:14:40+00:00\" \/>\n<meta property=\"og:image\" content=\"https:\/\/swiklywpstorage.blob.core.windows.net\/wp-media\/2017\/07\/pexels-dorothy-castillo-2270328.jpg\" \/>\n\t<meta property=\"og:image:width\" content=\"2000\" \/>\n\t<meta property=\"og:image:height\" content=\"1333\" \/>\n\t<meta property=\"og:image:type\" content=\"image\/jpeg\" \/>\n<meta name=\"author\" content=\"Charles Jung\" \/>\n<meta name=\"twitter:card\" content=\"summary_large_image\" \/>\n<meta name=\"twitter:creator\" content=\"@swikly_company\" \/>\n<meta name=\"twitter:site\" content=\"@swikly_company\" \/>\n<meta name=\"twitter:label1\" content=\"Escrito por\" \/>\n\t<meta name=\"twitter:data1\" content=\"Charles Jung\" \/>\n\t<meta name=\"twitter:label2\" content=\"Tiempo de lectura\" \/>\n\t<meta name=\"twitter:data2\" content=\"2 minutos\" \/>\n<script type=\"application\/ld+json\" class=\"yoast-schema-graph\">{\"@context\":\"https:\/\/schema.org\",\"@graph\":[{\"@type\":\"Article\",\"@id\":\"https:\/\/www.swikly.com\/es\/otros\/2017\/07\/pedalear-desde-el-cairo-hasta-el-cap-tour-dafrique\/#article\",\"isPartOf\":{\"@id\":\"https:\/\/www.swikly.com\/es\/otros\/2017\/07\/pedalear-desde-el-cairo-hasta-el-cap-tour-dafrique\/\"},\"author\":{\"name\":\"Charles Jung\",\"@id\":\"https:\/\/www.swikly.com\/#\/schema\/person\/45bba15f3f1a85e94c2fd5730a6684c5\"},\"headline\":\"P\u00e9daler du Caire au Cap : Le Tour d\u2019Afrique\",\"datePublished\":\"2017-07-24T11:25:02+00:00\",\"dateModified\":\"2021-06-16T08:14:40+00:00\",\"mainEntityOfPage\":{\"@id\":\"https:\/\/www.swikly.com\/es\/otros\/2017\/07\/pedalear-desde-el-cairo-hasta-el-cap-tour-dafrique\/\"},\"wordCount\":301,\"publisher\":{\"@id\":\"https:\/\/www.swikly.com\/#organization\"},\"image\":{\"@id\":\"https:\/\/www.swikly.com\/es\/otros\/2017\/07\/pedalear-desde-el-cairo-hasta-el-cap-tour-dafrique\/#primaryimage\"},\"thumbnailUrl\":\"https:\/\/swiklywpstorage.blob.core.windows.net\/wp-media\/2017\/07\/pexels-dorothy-castillo-2270328.jpg\",\"keywords\":[\"acomptes\",\"acomptes et de cautions en ligne\",\"prestataires d'activit\u00e9s outdoor\",\"r\u00e9servations\",\"s\u00e9curiser\"],\"articleSection\":[\"Autres\"],\"inLanguage\":\"es\"},{\"@type\":\"WebPage\",\"@id\":\"https:\/\/www.swikly.com\/es\/otros\/2017\/07\/pedalear-desde-el-cairo-hasta-el-cap-tour-dafrique\/\",\"url\":\"https:\/\/www.swikly.com\/es\/otros\/2017\/07\/pedalear-desde-el-cairo-hasta-el-cap-tour-dafrique\/\",\"name\":\"P\u00e9daler du Caire au Cap : Le Tour d\u2019Afrique - Swikly\",\"isPartOf\":{\"@id\":\"https:\/\/www.swikly.com\/#website\"},\"primaryImageOfPage\":{\"@id\":\"https:\/\/www.swikly.com\/es\/otros\/2017\/07\/pedalear-desde-el-cairo-hasta-el-cap-tour-dafrique\/#primaryimage\"},\"image\":{\"@id\":\"https:\/\/www.swikly.com\/es\/otros\/2017\/07\/pedalear-desde-el-cairo-hasta-el-cap-tour-dafrique\/#primaryimage\"},\"thumbnailUrl\":\"https:\/\/swiklywpstorage.blob.core.windows.net\/wp-media\/2017\/07\/pexels-dorothy-castillo-2270328.jpg\",\"datePublished\":\"2017-07-24T11:25:02+00:00\",\"dateModified\":\"2021-06-16T08:14:40+00:00\",\"breadcrumb\":{\"@id\":\"https:\/\/www.swikly.com\/es\/otros\/2017\/07\/pedalear-desde-el-cairo-hasta-el-cap-tour-dafrique\/#breadcrumb\"},\"inLanguage\":\"es\",\"potentialAction\":[{\"@type\":\"ReadAction\",\"target\":[\"https:\/\/www.swikly.com\/es\/otros\/2017\/07\/pedalear-desde-el-cairo-hasta-el-cap-tour-dafrique\/\"]}]},{\"@type\":\"ImageObject\",\"inLanguage\":\"es\",\"@id\":\"https:\/\/www.swikly.com\/es\/otros\/2017\/07\/pedalear-desde-el-cairo-hasta-el-cap-tour-dafrique\/#primaryimage\",\"url\":\"https:\/\/swiklywpstorage.blob.core.windows.net\/wp-media\/2017\/07\/pexels-dorothy-castillo-2270328.jpg\",\"contentUrl\":\"https:\/\/swiklywpstorage.blob.core.windows.net\/wp-media\/2017\/07\/pexels-dorothy-castillo-2270328.jpg\",\"width\":2000,\"height\":1333,\"caption\":\"VTT\"},{\"@type\":\"BreadcrumbList\",\"@id\":\"https:\/\/www.swikly.com\/es\/otros\/2017\/07\/pedalear-desde-el-cairo-hasta-el-cap-tour-dafrique\/#breadcrumb\",\"itemListElement\":[{\"@type\":\"ListItem\",\"position\":1,\"name\":\"Accueil\",\"item\":\"https:\/\/www.swikly.com\/\"},{\"@type\":\"ListItem\",\"position\":2,\"name\":\"P\u00e9daler du Caire au Cap : Le Tour d\u2019Afrique\"}]},{\"@type\":\"WebSite\",\"@id\":\"https:\/\/www.swikly.com\/#website\",\"url\":\"https:\/\/www.swikly.com\/\",\"name\":\"Swikly\",\"description\":\"La solution pour vos cautions, en ligne !\",\"publisher\":{\"@id\":\"https:\/\/www.swikly.com\/#organization\"},\"potentialAction\":[{\"@type\":\"SearchAction\",\"target\":{\"@type\":\"EntryPoint\",\"urlTemplate\":\"https:\/\/www.swikly.com\/?s={search_term_string}\"},\"query-input\":{\"@type\":\"PropertyValueSpecification\",\"valueRequired\":true,\"valueName\":\"search_term_string\"}}],\"inLanguage\":\"es\"},{\"@type\":\"Organization\",\"@id\":\"https:\/\/www.swikly.com\/#organization\",\"name\":\"Swikly\",\"url\":\"https:\/\/www.swikly.com\/\",\"logo\":{\"@type\":\"ImageObject\",\"inLanguage\":\"es\",\"@id\":\"https:\/\/www.swikly.com\/#\/schema\/logo\/image\/\",\"url\":\"https:\/\/www.swikly.com\/wp-content\/uploads\/2020\/02\/cropped-logo-swikly.png\",\"contentUrl\":\"https:\/\/www.swikly.com\/wp-content\/uploads\/2020\/02\/cropped-logo-swikly.png\",\"width\":1574,\"height\":250,\"caption\":\"Swikly\"},\"image\":{\"@id\":\"https:\/\/www.swikly.com\/#\/schema\/logo\/image\/\"},\"sameAs\":[\"https:\/\/www.facebook.com\/swikly\/\",\"https:\/\/x.com\/swikly_company\",\"https:\/\/www.linkedin.com\/company\/swikly\/\"]},{\"@type\":\"Person\",\"@id\":\"https:\/\/www.swikly.com\/#\/schema\/person\/45bba15f3f1a85e94c2fd5730a6684c5\",\"name\":\"Charles Jung\",\"image\":{\"@type\":\"ImageObject\",\"inLanguage\":\"es\",\"@id\":\"https:\/\/www.swikly.com\/#\/schema\/person\/image\/\",\"url\":\"https:\/\/secure.gravatar.com\/avatar\/4977c31bd12495b60a28c7e404695842?s=96&d=mm&r=g\",\"contentUrl\":\"https:\/\/secure.gravatar.com\/avatar\/4977c31bd12495b60a28c7e404695842?s=96&d=mm&r=g\",\"caption\":\"Charles Jung\"},\"url\":\"https:\/\/www.swikly.com\/es\/author\/charles-jung-ext\/\"}]}<\/script>\n<!-- \/ Yoast SEO plugin. -->","yoast_head_json":{"title":"P\u00e9daler du Caire au Cap : Le Tour d\u2019Afrique - Swikly","robots":{"index":"index","follow":"follow","max-snippet":"max-snippet:-1","max-image-preview":"max-image-preview:large","max-video-preview":"max-video-preview:-1"},"canonical":"https:\/\/www.swikly.com\/es\/otros\/2017\/07\/pedalear-desde-el-cairo-hasta-el-cap-tour-dafrique\/","og_locale":"es_ES","og_type":"article","og_title":"P\u00e9daler du Caire au Cap : Le Tour d\u2019Afrique - Swikly","og_description":"En tant que passionn\u00e9s de sport, nous souhaitons vous pr\u00e9senter le Tour d\u2019Afrique, l\u2019une des plus longues courses en VTT du monde. Du Caire au Cap, les participants parcourent 12 000 km !","og_url":"https:\/\/www.swikly.com\/es\/otros\/2017\/07\/pedalear-desde-el-cairo-hasta-el-cap-tour-dafrique\/","og_site_name":"Swikly","article_publisher":"https:\/\/www.facebook.com\/swikly\/","article_published_time":"2017-07-24T11:25:02+00:00","article_modified_time":"2021-06-16T08:14:40+00:00","og_image":[{"width":2000,"height":1333,"url":"https:\/\/swiklywpstorage.blob.core.windows.net\/wp-media\/2017\/07\/pexels-dorothy-castillo-2270328.jpg","type":"image\/jpeg"}],"author":"Charles Jung","twitter_card":"summary_large_image","twitter_creator":"@swikly_company","twitter_site":"@swikly_company","twitter_misc":{"Escrito por":"Charles Jung","Tiempo de lectura":"2 minutos"},"schema":{"@context":"https:\/\/schema.org","@graph":[{"@type":"Article","@id":"https:\/\/www.swikly.com\/es\/otros\/2017\/07\/pedalear-desde-el-cairo-hasta-el-cap-tour-dafrique\/#article","isPartOf":{"@id":"https:\/\/www.swikly.com\/es\/otros\/2017\/07\/pedalear-desde-el-cairo-hasta-el-cap-tour-dafrique\/"},"author":{"name":"Charles Jung","@id":"https:\/\/www.swikly.com\/#\/schema\/person\/45bba15f3f1a85e94c2fd5730a6684c5"},"headline":"P\u00e9daler du Caire au Cap : Le Tour d\u2019Afrique","datePublished":"2017-07-24T11:25:02+00:00","dateModified":"2021-06-16T08:14:40+00:00","mainEntityOfPage":{"@id":"https:\/\/www.swikly.com\/es\/otros\/2017\/07\/pedalear-desde-el-cairo-hasta-el-cap-tour-dafrique\/"},"wordCount":301,"publisher":{"@id":"https:\/\/www.swikly.com\/#organization"},"image":{"@id":"https:\/\/www.swikly.com\/es\/otros\/2017\/07\/pedalear-desde-el-cairo-hasta-el-cap-tour-dafrique\/#primaryimage"},"thumbnailUrl":"https:\/\/swiklywpstorage.blob.core.windows.net\/wp-media\/2017\/07\/pexels-dorothy-castillo-2270328.jpg","keywords":["acomptes","acomptes et de cautions en ligne","prestataires d'activit\u00e9s outdoor","r\u00e9servations","s\u00e9curiser"],"articleSection":["Autres"],"inLanguage":"es"},{"@type":"WebPage","@id":"https:\/\/www.swikly.com\/es\/otros\/2017\/07\/pedalear-desde-el-cairo-hasta-el-cap-tour-dafrique\/","url":"https:\/\/www.swikly.com\/es\/otros\/2017\/07\/pedalear-desde-el-cairo-hasta-el-cap-tour-dafrique\/","name":"P\u00e9daler du Caire au Cap : Le Tour d\u2019Afrique - Swikly","isPartOf":{"@id":"https:\/\/www.swikly.com\/#website"},"primaryImageOfPage":{"@id":"https:\/\/www.swikly.com\/es\/otros\/2017\/07\/pedalear-desde-el-cairo-hasta-el-cap-tour-dafrique\/#primaryimage"},"image":{"@id":"https:\/\/www.swikly.com\/es\/otros\/2017\/07\/pedalear-desde-el-cairo-hasta-el-cap-tour-dafrique\/#primaryimage"},"thumbnailUrl":"https:\/\/swiklywpstorage.blob.core.windows.net\/wp-media\/2017\/07\/pexels-dorothy-castillo-2270328.jpg","datePublished":"2017-07-24T11:25:02+00:00","dateModified":"2021-06-16T08:14:40+00:00","breadcrumb":{"@id":"https:\/\/www.swikly.com\/es\/otros\/2017\/07\/pedalear-desde-el-cairo-hasta-el-cap-tour-dafrique\/#breadcrumb"},"inLanguage":"es","potentialAction":[{"@type":"ReadAction","target":["https:\/\/www.swikly.com\/es\/otros\/2017\/07\/pedalear-desde-el-cairo-hasta-el-cap-tour-dafrique\/"]}]},{"@type":"ImageObject","inLanguage":"es","@id":"https:\/\/www.swikly.com\/es\/otros\/2017\/07\/pedalear-desde-el-cairo-hasta-el-cap-tour-dafrique\/#primaryimage","url":"https:\/\/swiklywpstorage.blob.core.windows.net\/wp-media\/2017\/07\/pexels-dorothy-castillo-2270328.jpg","contentUrl":"https:\/\/swiklywpstorage.blob.core.windows.net\/wp-media\/2017\/07\/pexels-dorothy-castillo-2270328.jpg","width":2000,"height":1333,"caption":"VTT"},{"@type":"BreadcrumbList","@id":"https:\/\/www.swikly.com\/es\/otros\/2017\/07\/pedalear-desde-el-cairo-hasta-el-cap-tour-dafrique\/#breadcrumb","itemListElement":[{"@type":"ListItem","position":1,"name":"Accueil","item":"https:\/\/www.swikly.com\/"},{"@type":"ListItem","position":2,"name":"P\u00e9daler du Caire au Cap : Le Tour d\u2019Afrique"}]},{"@type":"WebSite","@id":"https:\/\/www.swikly.com\/#website","url":"https:\/\/www.swikly.com\/","name":"Swikly","description":"La solution pour vos cautions, en ligne !","publisher":{"@id":"https:\/\/www.swikly.com\/#organization"},"potentialAction":[{"@type":"SearchAction","target":{"@type":"EntryPoint","urlTemplate":"https:\/\/www.swikly.com\/?s={search_term_string}"},"query-input":{"@type":"PropertyValueSpecification","valueRequired":true,"valueName":"search_term_string"}}],"inLanguage":"es"},{"@type":"Organization","@id":"https:\/\/www.swikly.com\/#organization","name":"Swikly","url":"https:\/\/www.swikly.com\/","logo":{"@type":"ImageObject","inLanguage":"es","@id":"https:\/\/www.swikly.com\/#\/schema\/logo\/image\/","url":"https:\/\/www.swikly.com\/wp-content\/uploads\/2020\/02\/cropped-logo-swikly.png","contentUrl":"https:\/\/www.swikly.com\/wp-content\/uploads\/2020\/02\/cropped-logo-swikly.png","width":1574,"height":250,"caption":"Swikly"},"image":{"@id":"https:\/\/www.swikly.com\/#\/schema\/logo\/image\/"},"sameAs":["https:\/\/www.facebook.com\/swikly\/","https:\/\/x.com\/swikly_company","https:\/\/www.linkedin.com\/company\/swikly\/"]},{"@type":"Person","@id":"https:\/\/www.swikly.com\/#\/schema\/person\/45bba15f3f1a85e94c2fd5730a6684c5","name":"Charles Jung","image":{"@type":"ImageObject","inLanguage":"es","@id":"https:\/\/www.swikly.com\/#\/schema\/person\/image\/","url":"https:\/\/secure.gravatar.com\/avatar\/4977c31bd12495b60a28c7e404695842?s=96&d=mm&r=g","contentUrl":"https:\/\/secure.gravatar.com\/avatar\/4977c31bd12495b60a28c7e404695842?s=96&d=mm&r=g","caption":"Charles Jung"},"url":"https:\/\/www.swikly.com\/es\/author\/charles-jung-ext\/"}]}},"_links":{"self":[{"href":"https:\/\/www.swikly.com\/es\/wp-json\/wp\/v2\/posts\/940"}],"collection":[{"href":"https:\/\/www.swikly.com\/es\/wp-json\/wp\/v2\/posts"}],"about":[{"href":"https:\/\/www.swikly.com\/es\/wp-json\/wp\/v2\/types\/post"}],"author":[{"embeddable":true,"href":"https:\/\/www.swikly.com\/es\/wp-json\/wp\/v2\/users\/990018"}],"replies":[{"embeddable":true,"href":"https:\/\/www.swikly.com\/es\/wp-json\/wp\/v2\/comments?post=940"}],"version-history":[{"count":4,"href":"https:\/\/www.swikly.com\/es\/wp-json\/wp\/v2\/posts\/940\/revisions"}],"predecessor-version":[{"id":5156,"href":"https:\/\/www.swikly.com\/es\/wp-json\/wp\/v2\/posts\/940\/revisions\/5156"}],"wp:featuredmedia":[{"embeddable":true,"href":"https:\/\/www.swikly.com\/es\/wp-json\/wp\/v2\/media\/4693"}],"wp:attachment":[{"href":"https:\/\/www.swikly.com\/es\/wp-json\/wp\/v2\/media?parent=940"}],"wp:term":[{"taxonomy":"category","embeddable":true,"href":"https:\/\/www.swikly.com\/es\/wp-json\/wp\/v2\/categories?post=940"},{"taxonomy":"post_tag","embeddable":true,"href":"https:\/\/www.swikly.com\/es\/wp-json\/wp\/v2\/tags?post=940"}],"curies":[{"name":"wp","href":"https:\/\/api.w.org\/{rel}","templated":true}]}}